{"id":8648,"date":"2021-01-27T15:40:45","date_gmt":"2021-01-27T14:40:45","guid":{"rendered":"https:\/\/portalescuola.comune.palermo.it\/?p=8648"},"modified":"2021-01-29T15:12:04","modified_gmt":"2021-01-29T14:12:04","slug":"minori-e-social","status":"publish","type":"post","link":"https:\/\/portalescuola.comune.palermo.it\/?p=8648","title":{"rendered":"Minori e social. Docenti palermitani a confronto con gli allievi sull&#8217;uso consapevole del web"},"content":{"rendered":"<p><strong>Bambine<\/strong> e <strong>bambini<\/strong> cominciano ad utilizzare lo <strong>smartphone<\/strong> e i <strong>social network<\/strong> gi\u00e0 prima della quarta elementare, lo usano spesso senza il controllo dei genitori, sono estremamente influenzati da <strong>youtuber<\/strong> e personaggi famosi che emulano, ascoltano e seguono costantemente, gi\u00e0 da piccolissimi acquisiscono il concetto della visibilit\u00e0 sul web, sono consapevoli dell&#8217;importanza e dell&#8217;utilit\u00e0 economica che pu\u00f2 derivare dal &#8216;diventare famosi su internet&#8217;, subendone il fascino.<\/p>\n<p>Sono alcuni dei temi emersi nel corso del confronto tra allievi, allieve e docenti dell&#8217;<strong>Istituto Comprensivo Arenella<\/strong> di <strong>Palermo<\/strong> avviato nei giorni successivi alla morte di Antonella, la bimba di dieci anni morta strangolata per una sfida fatale.<\/p>\n<p>Nel video l&#8217;insegnante <strong>Alessandra Orlando<\/strong> riporta l&#8217;esito della riflessione e rilancia l&#8217;impegno degli <strong>educatori<\/strong> per un <strong>uso consapevole dei social. <\/strong>&#8220;Da tempo stiamo portando avanti un lavoro in questo senso, anche attraverso la rete di scopo con l&#8217;Istituto Comprensivo Marconi &#8216;<strong>Si Cyber, No Bullo<\/strong>&#8216;\u00a0&#8211; afferma &#8211; Un&#8217;attivit\u00e0 che oggi \u00e8 sempre pi\u00f9 importante, a maggior ragione\u00a0dopo la tragica morte di Antonella&#8221;.<\/p>\n<p><iframe loading=\"lazy\" width=\"1060\" height=\"596\" src=\"https:\/\/www.youtube.com\/embed\/to0WszVrjOo?feature=oembed\" frameborder=\"0\" allow=\"accelerometer; autoplay; clipboard-write; encrypted-media; gyroscope; picture-in-picture\" allowfullscreen><\/iframe><\/p>\n<p>Sempre l&#8217;I.C. &#8216;Marconi&#8217;, insieme al liceo &#8216;Cannizzaro&#8217;, fa parte di &#8216;<strong>EduVision<\/strong>&#8216; un percorso sperimentale di <strong>media education<\/strong> finalizzato alla visione consapevole, ad un migliore utilizzo delle tecnologie e degli algoritmi, che\u00a0si rivolge a bambine, bambini e adolescenti delle scuole di ogni grado, ai docenti interessati all&#8217; argomento e ai genitori che vogliono connettersi maggiormente con le nuove generazioni.<\/p>\n<p><a href=\"https:\/\/portalescuola.comune.palermo.it\/wp-content\/uploads\/2021\/01\/1121d09b-59ba-413d-87d9-0adba17d4fbb.jpg\"><img loading=\"lazy\" class=\"size-medium wp-image-8658 alignleft\" src=\"https:\/\/portalescuola.comune.palermo.it\/wp-content\/uploads\/2021\/01\/1121d09b-59ba-413d-87d9-0adba17d4fbb-300x194.jpg\" alt=\"\" width=\"300\" height=\"194\" srcset=\"https:\/\/portalescuola.comune.palermo.it\/wp-content\/uploads\/2021\/01\/1121d09b-59ba-413d-87d9-0adba17d4fbb-300x194.jpg 300w, https:\/\/portalescuola.comune.palermo.it\/wp-content\/uploads\/2021\/01\/1121d09b-59ba-413d-87d9-0adba17d4fbb-768x496.jpg 768w, https:\/\/portalescuola.comune.palermo.it\/wp-content\/uploads\/2021\/01\/1121d09b-59ba-413d-87d9-0adba17d4fbb-1024x661.jpg 1024w, https:\/\/portalescuola.comune.palermo.it\/wp-content\/uploads\/2021\/01\/1121d09b-59ba-413d-87d9-0adba17d4fbb-400x260.jpg 400w, https:\/\/portalescuola.comune.palermo.it\/wp-content\/uploads\/2021\/01\/1121d09b-59ba-413d-87d9-0adba17d4fbb-700x452.jpg 700w, https:\/\/portalescuola.comune.palermo.it\/wp-content\/uploads\/2021\/01\/1121d09b-59ba-413d-87d9-0adba17d4fbb.jpg 1515w\" sizes=\"(max-width: 300px) 100vw, 300px\" \/><\/a>Il portale \u00e8 una piattaforma di <strong>e-learning<\/strong> unita ad un sistema di <strong>gamification<\/strong> per rendere l\u2019apprendimento gioco di scoperta. Il prossimo appuntamento &#8216;<strong>Responsabilit\u00e0 in rete<\/strong>. <strong>Cyberbullismo<\/strong> e <strong>rischi del web<\/strong>&#8216; si terr\u00e0 il 5 febbraio, alle ore 11, su <a href=\"http:\/\/www.vedipalermo.com\/\">VediPalermo<\/a> e <a href=\"https:\/\/www.eduvisiononline.net\/\">EduVisiononline.net<\/a>\u00a0alla presenza dell&#8217;assessora alla Scuola <strong>Giovanna Marano<\/strong>, di <strong>Paolo Picchio<\/strong> e <strong>Ivano Zoppi<\/strong>, rispettivamente presidente onorario e presidente della <strong>Fondazione Carolina<\/strong>, <strong>Liliana Maniscalco<\/strong>, di <strong>Amnesty International<\/strong>, <strong>Luigi Lombardo<\/strong>, segretario del sindacato di polizia <strong>Siap<\/strong>.<\/p>\n<p>&nbsp;<\/p>\n","protected":false},"excerpt":{"rendered":"<p>Bambine e bambini cominciano ad utilizzare lo smartphone e i social network gi\u00e0 prima della quarta elementare, lo usano spesso senza il controllo dei genitori, sono estremamente influenzati da youtuber e personaggi famosi che emulano, ascoltano e seguono costantemente, gi\u00e0 da piccolissimi acquisiscono il concetto&#8230;<\/p>\n","protected":false},"author":30,"featured_media":8652,"comment_status":"closed","ping_status":"closed","sticky":false,"template":"","format":"standard","meta":[],"categories":[3],"tags":[66,181,180,178,179,165,67,177,175,172,176],"_links":{"self":[{"href":"https:\/\/portalescuola.comune.palermo.it\/index.php?rest_route=\/wp\/v2\/posts\/8648"}],"collection":[{"href":"https:\/\/portalescuola.comune.palermo.it\/index.php?rest_route=\/wp\/v2\/posts"}],"about":[{"href":"https:\/\/portalescuola.comune.palermo.it\/index.php?rest_route=\/wp\/v2\/types\/post"}],"author":[{"embeddable":true,"href":"https:\/\/portalescuola.comune.palermo.it\/index.php?rest_route=\/wp\/v2\/users\/30"}],"replies":[{"embeddable":true,"href":"https:\/\/portalescuola.comune.palermo.it\/index.php?rest_route=%2Fwp%2Fv2%2Fcomments&post=8648"}],"version-history":[{"count":11,"href":"https:\/\/portalescuola.comune.palermo.it\/index.php?rest_route=\/wp\/v2\/posts\/8648\/revisions"}],"predecessor-version":[{"id":8800,"href":"https:\/\/portalescuola.comune.palermo.it\/index.php?rest_route=\/wp\/v2\/posts\/8648\/revisions\/8800"}],"wp:featuredmedia":[{"embeddable":true,"href":"https:\/\/portalescuola.comune.palermo.it\/index.php?rest_route=\/wp\/v2\/media\/8652"}],"wp:attachment":[{"href":"https:\/\/portalescuola.comune.palermo.it\/index.php?rest_route=%2Fwp%2Fv2%2Fmedia&parent=8648"}],"wp:term":[{"taxonomy":"category","embeddable":true,"href":"https:\/\/portalescuola.comune.palermo.it\/index.php?rest_route=%2Fwp%2Fv2%2Fcategories&post=8648"},{"taxonomy":"post_tag","embeddable":true,"href":"https:\/\/portalescuola.comune.palermo.it\/index.php?rest_route=%2Fwp%2Fv2%2Ftags&post=8648"}],"curies":[{"name":"wp","href":"https:\/\/api.w.org\/{rel}","templated":true}]}}