{"id":6527,"date":"2020-11-17T18:13:19","date_gmt":"2020-11-17T17:13:19","guid":{"rendered":"https:\/\/portalescuola.comune.palermo.it\/?p=6527"},"modified":"2020-11-17T18:13:19","modified_gmt":"2020-11-17T17:13:19","slug":"nuovo-raid-vandalico-al-nido-la-malfa","status":"publish","type":"post","link":"https:\/\/portalescuola.comune.palermo.it\/?p=6527","title":{"rendered":"Nuovo raid vandalico al nido La Malfa"},"content":{"rendered":"<p>L&#8217;asilo nido comunale &#8220;La Malfa&#8221;, in via Cristodulo, ad Acqua dei Corsari, \u00e8 stato preso nuovamente di mira dai vandali.<\/p>\n<p>Questa mattina, all&#8217;apertura dell&#8217;asilo, il personale della struttura educativa ha trovato il vetro dell&#8217;ingresso rotto. Durante la notte, gli intrusi hanno sporcato servizi igienici, lenzuola, tovaglie e hanno sottratto dalla dispensa cibo destinato alla merenda dei bambini.<\/p>\n<p>Le forze dell\u2019ordine, avvertite immediatamente, hanno gi\u00e0 fatto un sopralluogo. L&#8217;asilo, che oggi \u00e8 rimasto chiuso per effettuare un\u2019accurata igienizzazione degli ambienti, riaprir\u00e0 regolarmente domani.<\/p>\n<p>Lo scorso maggio, la struttura per l&#8217;infanzia era gi\u00e0 stata oggetto di una ripetuta serie di furti.<\/p>\n<p><em>&#8220;Serve una presa di coscienza da parte del quartiere\u201d<\/em>\u00a0commenta il Sindaco, Leoluca\u00a0<strong>Orlando\u00a0<\/strong>che invita le famiglie a\u00a0<em>\u201cmanifestare la propria vicinanza alla scuola e agli operatori esprimendo una ferma condanna contro quanto accaduto&#8221;.<\/em><\/p>\n<p><em>\u201cDerubare o vandalizzare un asilo nido \u00e8 un danno per tutti perch\u00e9 rende pi\u00f9 fragile un patrimonio collettivo costituito da servizi, cura, buone pratiche, socialit\u00e0 a disposizione dell\u2019intera comunit\u00e0 educante\u201d<\/em>\u00a0aggiunge l\u2019assessora alla Scuola, Giovanna\u00a0<strong>Marano<\/strong>.<\/p>\n","protected":false},"excerpt":{"rendered":"<p>L&#8217;asilo nido comunale &#8220;La Malfa&#8221;, in via Cristodulo, ad Acqua dei Corsari, \u00e8 stato preso nuovamente di mira dai vandali. Questa mattina, all&#8217;apertura dell&#8217;asilo, il personale della struttura educativa ha trovato il vetro dell&#8217;ingresso rotto. Durante la notte, gli intrusi hanno sporcato servizi igienici, lenzuola,&#8230;<\/p>\n","protected":false},"author":30,"featured_media":4625,"comment_status":"closed","ping_status":"closed","sticky":false,"template":"","format":"standard","meta":[],"categories":[3],"tags":[102,66],"_links":{"self":[{"href":"https:\/\/portalescuola.comune.palermo.it\/index.php?rest_route=\/wp\/v2\/posts\/6527"}],"collection":[{"href":"https:\/\/portalescuola.comune.palermo.it\/index.php?rest_route=\/wp\/v2\/posts"}],"about":[{"href":"https:\/\/portalescuola.comune.palermo.it\/index.php?rest_route=\/wp\/v2\/types\/post"}],"author":[{"embeddable":true,"href":"https:\/\/portalescuola.comune.palermo.it\/index.php?rest_route=\/wp\/v2\/users\/30"}],"replies":[{"embeddable":true,"href":"https:\/\/portalescuola.comune.palermo.it\/index.php?rest_route=%2Fwp%2Fv2%2Fcomments&post=6527"}],"version-history":[{"count":1,"href":"https:\/\/portalescuola.comune.palermo.it\/index.php?rest_route=\/wp\/v2\/posts\/6527\/revisions"}],"predecessor-version":[{"id":6528,"href":"https:\/\/portalescuola.comune.palermo.it\/index.php?rest_route=\/wp\/v2\/posts\/6527\/revisions\/6528"}],"wp:featuredmedia":[{"embeddable":true,"href":"https:\/\/portalescuola.comune.palermo.it\/index.php?rest_route=\/wp\/v2\/media\/4625"}],"wp:attachment":[{"href":"https:\/\/portalescuola.comune.palermo.it\/index.php?rest_route=%2Fwp%2Fv2%2Fmedia&parent=6527"}],"wp:term":[{"taxonomy":"category","embeddable":true,"href":"https:\/\/portalescuola.comune.palermo.it\/index.php?rest_route=%2Fwp%2Fv2%2Fcategories&post=6527"},{"taxonomy":"post_tag","embeddable":true,"href":"https:\/\/portalescuola.comune.palermo.it\/index.php?rest_route=%2Fwp%2Fv2%2Ftags&post=6527"}],"curies":[{"name":"wp","href":"https:\/\/api.w.org\/{rel}","templated":true}]}}