{"id":6413,"date":"2020-10-22T14:24:04","date_gmt":"2020-10-22T12:24:04","guid":{"rendered":"https:\/\/portalescuola.comune.palermo.it\/?p=6413"},"modified":"2020-10-22T14:24:04","modified_gmt":"2020-10-22T12:24:04","slug":"lasp-dispone-la-quarantena-per-la-scuola-dellinfanzia-altarello","status":"publish","type":"post","link":"https:\/\/portalescuola.comune.palermo.it\/?p=6413","title":{"rendered":"L&#8217;Asp dispone la quarantena per la scuola dell&#8217;infanzia Altarello"},"content":{"rendered":"<p>\u00c8 stata disposta la quarantena per tutto il personale, le bambine e i bambini che frequentano la scuola dell\u2019infanzia comunale \u2018Altarello\u2019.<\/p>\n<p>Il provvedimento, che riguarda complessivamente ventuno persone, tra adulti e minori, \u00e8 stato comunicato all\u2019amministrazione cittadina dal Dipartimento prevenzione dell\u2019Asp, in seguito alla segnalazione del caso di positivit\u00e0 di un dipendente della struttura educativa avvenuta il 14 ottobre scorso.<\/p>\n<p>Da allora l\u2019attivit\u00e0 \u00e8 stata sospesa e la scuola dell\u2019infanzia chiusa. Alla fine della quarantena, adulti e minori dovranno sottoporsi al tampone rapido in modalit\u00e0 drive-in secondo le modalit\u00e0 che indicher\u00e0 l\u2019Usca. L\u2019esito del tampone rapido\u00a0 consentir\u00e0 l\u2019immediata riammissione a scuola, senza necessit\u00e0 di ulteriore certificazione. Nel caso in cui, invece, l\u2019esito dell&#8217;accertamento tra allievi o personale dovesse risultare positivo, l\u2019Usca effettuer\u00e0 tamponi molecolari per confermare l\u2019esito dei soggetti in questione, ma non saranno previste ulteriori misure per gli altri, che potranno riprendere le attivit\u00e0 scolastiche in presenza.<\/p>\n<p>Restano ancora chiusi gli asili nido \u2018Domino\u2019 e \u2018Pellicano\u2019, per i quali si attendono indicazioni da parte dell\u2019Asp dopo i casi di positivit\u00e0 rilevati il 15 ottobre scorso. &#8220;Confidiamo nel percorso intrapreso con le istituzioni sanitarie &#8211; afferma l\u2019assessora alla Scuola Giovanna Marano &#8211; affinch\u00e9 le famiglie possano riporre nei servizi educativi del Comune una rinnovata fiducia continuando ad affidare bambine e bambini ai nostri asili e scuole per l\u2019infanzia\u201d.<\/p>\n","protected":false},"excerpt":{"rendered":"<p>\u00c8 stata disposta la quarantena per tutto il personale, le bambine e i bambini che frequentano la scuola dell\u2019infanzia comunale \u2018Altarello\u2019. Il provvedimento, che riguarda complessivamente ventuno persone, tra adulti e minori, \u00e8 stato comunicato all\u2019amministrazione cittadina dal Dipartimento prevenzione dell\u2019Asp, in seguito alla segnalazione&#8230;<\/p>\n","protected":false},"author":30,"featured_media":4574,"comment_status":"closed","ping_status":"closed","sticky":false,"template":"","format":"standard","meta":[],"categories":[3],"tags":[61,90,75,101,71],"_links":{"self":[{"href":"https:\/\/portalescuola.comune.palermo.it\/index.php?rest_route=\/wp\/v2\/posts\/6413"}],"collection":[{"href":"https:\/\/portalescuola.comune.palermo.it\/index.php?rest_route=\/wp\/v2\/posts"}],"about":[{"href":"https:\/\/portalescuola.comune.palermo.it\/index.php?rest_route=\/wp\/v2\/types\/post"}],"author":[{"embeddable":true,"href":"https:\/\/portalescuola.comune.palermo.it\/index.php?rest_route=\/wp\/v2\/users\/30"}],"replies":[{"embeddable":true,"href":"https:\/\/portalescuola.comune.palermo.it\/index.php?rest_route=%2Fwp%2Fv2%2Fcomments&post=6413"}],"version-history":[{"count":1,"href":"https:\/\/portalescuola.comune.palermo.it\/index.php?rest_route=\/wp\/v2\/posts\/6413\/revisions"}],"predecessor-version":[{"id":6414,"href":"https:\/\/portalescuola.comune.palermo.it\/index.php?rest_route=\/wp\/v2\/posts\/6413\/revisions\/6414"}],"wp:featuredmedia":[{"embeddable":true,"href":"https:\/\/portalescuola.comune.palermo.it\/index.php?rest_route=\/wp\/v2\/media\/4574"}],"wp:attachment":[{"href":"https:\/\/portalescuola.comune.palermo.it\/index.php?rest_route=%2Fwp%2Fv2%2Fmedia&parent=6413"}],"wp:term":[{"taxonomy":"category","embeddable":true,"href":"https:\/\/portalescuola.comune.palermo.it\/index.php?rest_route=%2Fwp%2Fv2%2Fcategories&post=6413"},{"taxonomy":"post_tag","embeddable":true,"href":"https:\/\/portalescuola.comune.palermo.it\/index.php?rest_route=%2Fwp%2Fv2%2Ftags&post=6413"}],"curies":[{"name":"wp","href":"https:\/\/api.w.org\/{rel}","templated":true}]}}