{"id":6333,"date":"2020-09-24T15:29:44","date_gmt":"2020-09-24T13:29:44","guid":{"rendered":"https:\/\/portalescuola.comune.palermo.it\/?p=6333"},"modified":"2020-09-24T16:44:15","modified_gmt":"2020-09-24T14:44:15","slug":"nido-tom-jerry-servizio-sospeso-per-sospetto-covid-19","status":"publish","type":"post","link":"https:\/\/portalescuola.comune.palermo.it\/?p=6333","title":{"rendered":"Nidi Tom &#038; Jerry, Faro e Peter Pan: servizio sospeso per sospetti Covid-19"},"content":{"rendered":"<div class=\"kvgmc6g5 cxmmr5t8 oygrvhab hcukyx3x c1et5uql ii04i59q\">\n<div dir=\"auto\">Chiuso temporaneamente questa mattina gli asili comunali Tom &amp; Jerry, Il faro e Peter\u00a0 Pan a causa di sospetti casi Covid.<\/div>\n<div dir=\"auto\"><\/div>\n<div dir=\"auto\">Un dipendente amministrativo della struttura &#8220;Tom &amp; Jerry&#8221; di via Leonardo da Vinci ha comunicato di essere risultato positivo al test sierologico. Il servizio educativo \u00e8 sospeso e il nido comunale chiuso in via precauzionale. I genitori sono stati avvertiti perch\u00e9 potessero prendere in custodia prima della fine dell&#8217;orario regolare i bambini presenti all&#8217;interno della struttura. Il personale dell&#8217;asilo da questo momento \u00e8 in smart working. Si attende che l\u2019Asp attivi i controlli previsti dai Protocolli anti-Covid e contemporaneamente \u00e8 stata inviata richiesta alla Reset per la procedura di sanificazione straordinaria.<\/div>\n<\/div>\n<div class=\"o9v6fnle cxmmr5t8 oygrvhab hcukyx3x c1et5uql ii04i59q\">\n<div dir=\"auto\"><\/div>\n<div dir=\"auto\">Poich\u00e9 il lavoratore in questione ha condiviso per i propri spostamenti un&#8217;unica vettura con altri due dipendenti comunali, in via precauzionale gli uffici frequentati da questi ultimi sono stati pure chiusi. Si tratta degli uffici dell\u2019Assessorato alla Scuola di via Notarbartolo, dove tutto il personale \u00e8 stato posto in smart working. Anche in questo caso, sar\u00e0 svolta l&#8217;attivit\u00e0 di sanificazione. Luned\u00ec il lavoro in assessorato potr\u00e0 riprendere in presenza.<\/div>\n<\/div>\n<div dir=\"auto\"><\/div>\n<div dir=\"auto\">\n<p>All\u2019asilo nido comunale Il Faro, in via Giuseppe Paratore, questa mattina il genitore di un bambino ha informato di essere risultato positivo al tampone. Nel nido, che si trova nella terza circoscrizione, l\u2019attivit\u00e0 \u00e8 stata temporaneamente sospesa e la struttura chiusa in via precauzionale. I genitori di bambine e bambini sono stati invitati ad andare a prendere i figli. \u00c8 stata chiesta la sanificazione straordinaria. Sulla base delle indicazioni fornite dall\u2019Asp, con la quale si \u00e8 attivata una proficua e costante collaborazione, i locali del nido al termine della sanificazione potranno essere riaperti.<\/p>\n<p><a href=\"https:\/\/portalescuola.comune.palermo.it\/wp-content\/uploads\/2019\/02\/peterpan_2.jpg\"><img loading=\"lazy\" class=\"size-medium wp-image-4669 alignleft\" src=\"https:\/\/portalescuola.comune.palermo.it\/wp-content\/uploads\/2019\/02\/peterpan_2-300x200.jpg\" alt=\"\" width=\"300\" height=\"200\" srcset=\"https:\/\/portalescuola.comune.palermo.it\/wp-content\/uploads\/2019\/02\/peterpan_2-300x200.jpg 300w, https:\/\/portalescuola.comune.palermo.it\/wp-content\/uploads\/2019\/02\/peterpan_2-768x512.jpg 768w, https:\/\/portalescuola.comune.palermo.it\/wp-content\/uploads\/2019\/02\/peterpan_2-1024x682.jpg 1024w, https:\/\/portalescuola.comune.palermo.it\/wp-content\/uploads\/2019\/02\/peterpan_2-700x466.jpg 700w, https:\/\/portalescuola.comune.palermo.it\/wp-content\/uploads\/2019\/02\/peterpan_2.jpg 1426w\" sizes=\"(max-width: 300px) 100vw, 300px\" \/><\/a>All\u2019asilo Peter Pan, in via Barisano da Trani, questa mattina un genitore ha informato il nido che per tutta la famiglia \u00e8 stata disposta la quarantena perch\u00e9 uno dei genitori \u00e8 stato in contatto con una persona positiva. Il pediatra ha dato indicazione di riportare il figlio dal nido a casa e di avvertire l\u2019asilo. Anche per la struttura nella sesta circoscrizione \u00e8 stata disposta la sanificazione. Concluse queste operazioni di pulizia, sempre in base alle indicazioni dell\u2019Asp, il nido potr\u00e0 riaprire.<\/p>\n<\/div>\n","protected":false},"excerpt":{"rendered":"<p>Chiuso temporaneamente questa mattina gli asili comunali Tom &amp; Jerry, Il faro e Peter\u00a0 Pan a causa di sospetti casi Covid. Un dipendente amministrativo della struttura &#8220;Tom &amp; Jerry&#8221; di via Leonardo da Vinci ha comunicato di essere risultato positivo al test sierologico. Il servizio&#8230;<\/p>\n","protected":false},"author":30,"featured_media":4715,"comment_status":"closed","ping_status":"closed","sticky":false,"template":"","format":"standard","meta":[],"categories":[3],"tags":[49,61,75],"_links":{"self":[{"href":"https:\/\/portalescuola.comune.palermo.it\/index.php?rest_route=\/wp\/v2\/posts\/6333"}],"collection":[{"href":"https:\/\/portalescuola.comune.palermo.it\/index.php?rest_route=\/wp\/v2\/posts"}],"about":[{"href":"https:\/\/portalescuola.comune.palermo.it\/index.php?rest_route=\/wp\/v2\/types\/post"}],"author":[{"embeddable":true,"href":"https:\/\/portalescuola.comune.palermo.it\/index.php?rest_route=\/wp\/v2\/users\/30"}],"replies":[{"embeddable":true,"href":"https:\/\/portalescuola.comune.palermo.it\/index.php?rest_route=%2Fwp%2Fv2%2Fcomments&post=6333"}],"version-history":[{"count":5,"href":"https:\/\/portalescuola.comune.palermo.it\/index.php?rest_route=\/wp\/v2\/posts\/6333\/revisions"}],"predecessor-version":[{"id":6340,"href":"https:\/\/portalescuola.comune.palermo.it\/index.php?rest_route=\/wp\/v2\/posts\/6333\/revisions\/6340"}],"wp:featuredmedia":[{"embeddable":true,"href":"https:\/\/portalescuola.comune.palermo.it\/index.php?rest_route=\/wp\/v2\/media\/4715"}],"wp:attachment":[{"href":"https:\/\/portalescuola.comune.palermo.it\/index.php?rest_route=%2Fwp%2Fv2%2Fmedia&parent=6333"}],"wp:term":[{"taxonomy":"category","embeddable":true,"href":"https:\/\/portalescuola.comune.palermo.it\/index.php?rest_route=%2Fwp%2Fv2%2Fcategories&post=6333"},{"taxonomy":"post_tag","embeddable":true,"href":"https:\/\/portalescuola.comune.palermo.it\/index.php?rest_route=%2Fwp%2Fv2%2Ftags&post=6333"}],"curies":[{"name":"wp","href":"https:\/\/api.w.org\/{rel}","templated":true}]}}