{"id":5273,"date":"2020-02-09T18:01:41","date_gmt":"2020-02-09T17:01:41","guid":{"rendered":"https:\/\/portalescuola.comune.palermo.it\/?p=5273"},"modified":"2020-02-25T19:35:07","modified_gmt":"2020-02-25T18:35:07","slug":"educarnival-vi-edizione","status":"publish","type":"post","link":"https:\/\/portalescuola.comune.palermo.it\/?p=5273","title":{"rendered":"Educarnival. Creature fantastiche per un Carnevale tra natura, mito e realt\u00e0 &#8211; VI edizione"},"content":{"rendered":"<p>Si svolger\u00e0 <strong>dal 14 al 25 febbraio 2020 la sesta edizione del progetto Educarnival<\/strong> che animer\u00e0 il centro storico ed il suo percorso arabo-normanno con <strong>cortei carnascialeschi di carri e costumi, performance musicali, canore e teatrali, laboratori creativi<\/strong>.<\/p>\n<p>Il sorprendente successo riscosso in passato dalla manifestazione ha permesso di inserire l\u2019evento nella programmazione annuale delle attivit\u00e0 culturali ed educative della citt\u00e0, volte a promuovere ed incentivare le straordinarie potenzialit\u00e0\u00a0 ed abilit\u00e0 dei <strong>cinquemila studenti partecipanti<\/strong>.<\/p>\n<p>L\u2019<strong>obiettivo<\/strong> di Educarnival \u00e8 quello di <strong>avvicinare bambini e ragazzi alla magia di questa festa, liberando la loro creativit\u00e0 per rivisitare i costumi tipici e la tradizione del Carnevale siciliano<\/strong> grazie al contributo di sessanta istituti scolastici di ogni ordine e grado ed al coinvolgimento di circa 500 unit\u00e0 di personale docente e non docente.<\/p>\n<p>Il <strong>tema di questa edizione \u00e8: \u201c<em>Tra natura, mito e realt\u00e0 &#8211; Creature fantastiche e dove trovarle<\/em>\u201d.<\/strong><\/p>\n<p>Dai tempi del Mito alla cultura contemporanea non sono mai mancate creature immaginarie e straordinarie, dotate di poteri sovrannaturali. Educarnival propone agli studenti di inventarne di nuove, smontando e rimontando i tasselli della natura conosciuta, come in un puzzle, lasciando spazio all\u2019estro di ognuno, creando maschere, storie e scenari, che sfileranno in un corteo carnascialesco unico e avvincente, espressione di un mondo originale, abitato da esseri colorati, ibridi, antropomorfi, dalla natura bizzarra e magica. Grazie alla fantasia, Educarnival porter\u00e0 alunni e spettatori lontano dalla realt\u00e0, proiettandoli in luoghi che non esistono, in una personalissima \u201c<em>isola che non c\u2019\u00e8<\/em>\u201d.<\/p>\n<p>Il Carnevale, dunque, <strong>non solo come momento di divertimento ma anche educativo, di collaborazione, integrazione, scoperta, curiosit\u00e0, creativit\u00e0<\/strong> che coinvolge piccoli alunni,\u00a0 studenti e docenti, liberi di ispirarsi a ci\u00f2 che maggiormente li affascina. Nell\u2019inventare una natura immaginaria bisogner\u00e0, per\u00f2, rispettare quella reale. Per questo il <strong>progetto<\/strong> dovr\u00e0 essere <strong>sostenibile<\/strong> e dovr\u00e0 considerare il <strong>riciclo dei materiali<\/strong> un <strong>aspetto imprescindibile<\/strong> del lavoro svolto.<\/p>\n<p>Educarnival rappresenta un\u2019occasione per rinvigorire il senso di appartenenza alla comunit\u00e0 ma \u00e8 anche un&#8217;<strong>attrattiva turistica<\/strong>. La manifestazione, infatti, viene promossa anche tramite il portale <strong>School Trip<\/strong> <strong>to Palermo<\/strong>, il sito che l\u2019Amministrazione Comunale dedica alla promozione di itinerari turistici rivolti al mondo delle scuole per incentivare i viaggi d\u2019istruzione di alunni e studenti di altre regioni verso Palermo.<\/p>\n<p>L\u2019evento \u00e8 organizzato dall\u2019Amministrazione Comunale in collaborazione con:<\/p>\n<ul>\n<li>Ufficio Scolastico di Ambito Territoriale Sicilia<\/li>\n<li>Associazione Culturale \u201cEducarnival \u2013 Amici della Scuola\u201d<\/li>\n<li>Cral Istruzione<\/li>\n<\/ul>\n<p>[vc_separator type=&#8217;transparent&#8217; position=&#8217;center&#8217; color=&#8221; thickness=&#8221; up=&#8217;10&#8217; down=&#8217;10&#8217;]<\/p>\n<p>Queste le date delle iniziative di Educarnival: <strong>14, 15, 21, 22, 23, 25 Febbraio 2020<\/strong>.<\/p>\n<p>Le performance degli alunni e i laboratori\u00a0 si terranno nel centro storico della citt\u00e0, mentre la sfilata di carri e costumi percorrer\u00e0 l\u2019itinerario arabo-normanno.<\/p>\n\n\t\t<style type=\"text\/css\">\n\t\t\t#gallery-1 {\n\t\t\t\tmargin: auto;\n\t\t\t}\n\t\t\t#gallery-1 .gallery-item {\n\t\t\t\tfloat: left;\n\t\t\t\tmargin-top: 10px;\n\t\t\t\ttext-align: center;\n\t\t\t\twidth: 33%;\n\t\t\t}\n\t\t\t#gallery-1 img {\n\t\t\t\tborder: 2px solid #cfcfcf;\n\t\t\t}\n\t\t\t#gallery-1 .gallery-caption {\n\t\t\t\tmargin-left: 0;\n\t\t\t}\n\t\t\t\/* see gallery_shortcode() in wp-includes\/media.php *\/\n\t\t<\/style>\n\t\t<div id='gallery-1' class='gallery galleryid-5273 gallery-columns-3 gallery-size-thumbnail'><dl class='gallery-item'>\n\t\t\t<dt class='gallery-icon landscape'>\n\t\t\t\t<a href='https:\/\/portalescuola.comune.palermo.it\/wp-content\/uploads\/2020\/02\/FB_IMG_1581097275284.jpg'><img width=\"150\" height=\"150\" src=\"https:\/\/portalescuola.comune.palermo.it\/wp-content\/uploads\/2020\/02\/FB_IMG_1581097275284-150x150.jpg\" class=\"attachment-thumbnail size-thumbnail\" alt=\"\" loading=\"lazy\" srcset=\"https:\/\/portalescuola.comune.palermo.it\/wp-content\/uploads\/2020\/02\/FB_IMG_1581097275284-150x150.jpg 150w, https:\/\/portalescuola.comune.palermo.it\/wp-content\/uploads\/2020\/02\/FB_IMG_1581097275284-570x570.jpg 570w, https:\/\/portalescuola.comune.palermo.it\/wp-content\/uploads\/2020\/02\/FB_IMG_1581097275284-500x500.jpg 500w\" sizes=\"(max-width: 150px) 100vw, 150px\" \/><\/a>\n\t\t\t<\/dt><\/dl><dl class='gallery-item'>\n\t\t\t<dt class='gallery-icon landscape'>\n\t\t\t\t<a href='https:\/\/portalescuola.comune.palermo.it\/wp-content\/uploads\/2020\/02\/FB_IMG_1581098180904-1.jpg'><img width=\"150\" height=\"150\" src=\"https:\/\/portalescuola.comune.palermo.it\/wp-content\/uploads\/2020\/02\/FB_IMG_1581098180904-1-150x150.jpg\" class=\"attachment-thumbnail size-thumbnail\" alt=\"\" loading=\"lazy\" srcset=\"https:\/\/portalescuola.comune.palermo.it\/wp-content\/uploads\/2020\/02\/FB_IMG_1581098180904-1-150x150.jpg 150w, https:\/\/portalescuola.comune.palermo.it\/wp-content\/uploads\/2020\/02\/FB_IMG_1581098180904-1-570x570.jpg 570w, https:\/\/portalescuola.comune.palermo.it\/wp-content\/uploads\/2020\/02\/FB_IMG_1581098180904-1-500x500.jpg 500w\" sizes=\"(max-width: 150px) 100vw, 150px\" \/><\/a>\n\t\t\t<\/dt><\/dl><dl class='gallery-item'>\n\t\t\t<dt class='gallery-icon landscape'>\n\t\t\t\t<a href='https:\/\/portalescuola.comune.palermo.it\/wp-content\/uploads\/2020\/02\/FB_IMG_1581098194329-1.jpg'><img width=\"150\" height=\"150\" src=\"https:\/\/portalescuola.comune.palermo.it\/wp-content\/uploads\/2020\/02\/FB_IMG_1581098194329-1-150x150.jpg\" class=\"attachment-thumbnail size-thumbnail\" alt=\"\" loading=\"lazy\" srcset=\"https:\/\/portalescuola.comune.palermo.it\/wp-content\/uploads\/2020\/02\/FB_IMG_1581098194329-1-150x150.jpg 150w, https:\/\/portalescuola.comune.palermo.it\/wp-content\/uploads\/2020\/02\/FB_IMG_1581098194329-1-570x570.jpg 570w, https:\/\/portalescuola.comune.palermo.it\/wp-content\/uploads\/2020\/02\/FB_IMG_1581098194329-1-500x500.jpg 500w\" sizes=\"(max-width: 150px) 100vw, 150px\" \/><\/a>\n\t\t\t<\/dt><\/dl><br style=\"clear: both\" \/>\n\t\t<\/div>\n\n<p>[vc_separator type=&#8217;transparent&#8217; position=&#8217;center&#8217; color=&#8221; thickness=&#8221; up=&#8217;10&#8217; down=&#8217;10&#8217;]<\/p>\n<p style=\"text-align: center;\"><strong>PROGRAMMA EDUCARNIVAL 2020<\/strong><\/p>\n<p style=\"text-align: center;\"><strong>14 febbraio<\/strong><br \/>\n<strong>Cerimonia d\u2019apertura<\/strong><\/p>\n<p>ore 15:30 \u2013 Aula Magna Liceo Classico \u201cVittorio Emanuele II\u201d<br \/>\n<strong>Cerimonia di apertura, presentazione del programma, rinfresco e intermezzi musicali.<\/strong><\/p>\n<p>ore 17:30 \u2013 Liceo Classico \u201cVittorio Emanuele II\u201d<br \/>\n<strong>Sfilata lungo il Cassaro. Scuole coinvolte:<\/strong><\/p>\n<ul>\n<li>I.S.S. MEDI TEATRO DEL SOLE \u2013 I QUATTRO MANDAMENTI<\/li>\n<li>LICEO ARTISTICO RAGUSA-KYOARA E ICS GUTTUSO-ANGELI-SCARPETTE ROSSE<\/li>\n<li>LICEO CLASSICO V. EMANUELE II-BALLO RINASCIMENTALE<\/li>\n<li>LICEO SCIENTIFICO CANNIZZARO-STRUTTURE<\/li>\n<li>ICS CAVOUR-PESTALOZZI<\/li>\n<\/ul>\n<p style=\"text-align: center;\"><strong>Sabato 15 febbraio<\/strong><br \/>\n<strong>Sfilata<\/strong><\/p>\n<p>ore 11:00 \u2013 Centro Commerciale \u201cLa Torre\u201d<br \/>\n<strong>Apertura mostra costumi lungo la galleria.<\/strong><\/p>\n<p>ore 16:30-18:30 \u2013 Centro Commerciale \u201cLa Torre\u201d<br \/>\n<strong>Sfilata promozionale dell\u2019evento con i costumi delle edizioni precedenti con accompagnamento musical. Scuole coinvolte:<\/strong><\/p>\n<ul>\n<li>LICEO ARTISTICO RAGUSA-KYOARA<\/li>\n<li>ICS R.L. MONTALCINI<\/li>\n<li>LICEO MUSICALE MARGHERITA<\/li>\n<li>I.S.S. ASCIONE<\/li>\n<\/ul>\n<p style=\"text-align: center;\"><strong>Venerd\u00ec 21 febbraio<\/strong><br \/>\n<strong>Educarnival per l\u2019inclusione \u00a0a cura dell\u2019ISS \u201cM. Rutelli\u201d<\/strong><\/p>\n<p>Ore 11:00 \u2013 aula Almeyda dell\u2019archivio Comunale in via Maqueda<br \/>\n<strong>Performance teatrale \u201cLA BIDDRINA DI CASTROGIOVANNI-CUNTU SICILIANU\u201d.<\/strong><br \/>\n<strong>Presentazione del sito \u201cANIMALI FANTASTICI\u2026E DOVE TROVARLI\u201d.<\/strong><\/p>\n<p>Ore 15:00 \u2013 Centro Commerciale \u201cLa Torre\u201d<br \/>\n<strong><u>Piazza Italia<\/u><\/strong><strong>: gara di cocktail tra gli Istituti Alberghieri.<\/strong><br \/>\n<strong><u>Piazza Unieuro<\/u><\/strong><strong> esibizione musicali, canore e coreutiche di Istituzioni Scolastiche.<\/strong><\/p>\n<p style=\"text-align: center;\"><strong>Sabato<\/strong><strong> 22 febbraio<\/strong><\/p>\n<p>Ore 11:30 &#8211;\u00a0 atrio di Palazzo delle Aquile<br \/>\n<strong>Laboratorio teatrale \u201cMozart e Salieri\u201d di A. Puskin, a cura del Liceo Artistico\u00a0 \u201cE. Catalano\u201d.<\/strong><\/p>\n<p>Ore 16:00-19:00 \u2013 piazza Verdi<br \/>\n<strong>\u201cIl Ballo del Gattopardo\u201d a cura degli alunni del Liceo Coreutico \u201cRegina Margherita\u201d e del IISS \u201cEnrico Medi\u201d.<\/strong><br \/>\n<strong>Laboratori didattici (alcune scuole metteranno in atto laboratori didattici con attivit\u00e0 inerenti ai diversi indirizzi di studio).<\/strong><\/p>\n<p>Ore 16:30 \u2013 Centro Commerciale \u201cLa Torre\u201d<br \/>\n<strong>Degustazione di cocktail e couscous con ricotta a cura degli istituti alberghieri.<\/strong><\/p>\n<p style=\"text-align: center;\"><strong>Domenica 23 febbraio<\/strong><br \/>\n<strong>Sfilata finale nel Centro Storico<\/strong><\/p>\n<p>Ore 11:30 \u2013 Atrio di Palazzo delle Aquile<br \/>\n<strong>Reading su testi di Dante Alighieri, L. Pirandello, S. Vassalli, A. Vassalli e lettere di Franca Florio; laboratorio a cura del Liceo Artistico\u00a0\u201cE. Catalano\u201d.<\/strong><\/p>\n<p>Ore 11:00-13:00 \u2013 Piazza Verdi<br \/>\n<strong>\u201cEducarnival per l\u2019inclusione\u201d\u00a0 laboratorio realizzazione maschere a cura del\u00a0 \u201cCentro Corradini\u201d ed esposizione dei manufatti.<\/strong><\/p>\n<p>Ore 15.00 &#8211; Piazza Verdi<br \/>\n<strong>Sfilata con la partecipazione di studenti in maschera e carri realizzati dalle scuole. Il corteo partir\u00e0 dalla piazza del Parlamento, mentre i pi\u00f9 piccoli partiranno dal sagrato della Cattedrale. Percorsa la via Vittorio Emanuele gli studenti svolteranno a sinistra per percorrere la via Roma poi la via Cavour fino a piazza Verdi. Termineranno la sfilata una volta giunti a piazza Verdi.<\/strong><\/p>\n<p style=\"text-align: center;\"><strong>Luned\u00ec 24 febbraio<\/strong><\/p>\n<p>Centro Commerciale \u201cLa Torre\u201d<br \/>\n<strong>Esposizione negli spazi esterni dei carri allegorici.<\/strong><\/p>\n<p style=\"text-align: center;\"><strong>Marted\u00ec<\/strong><strong> 25 febbraio<\/strong><\/p>\n<p>Ore 12:00-18:00 \u2013 Centro Commerciale \u201cLa Torre\u201d<br \/>\n<strong>Premiazione.<\/strong><\/p>\n<p>[vc_separator type=&#8217;transparent&#8217; position=&#8217;center&#8217; color=&#8221; thickness=&#8221; up=&#8217;10&#8217; down=&#8217;10&#8217;]<\/p>\n\n\t\t<style type=\"text\/css\">\n\t\t\t#gallery-2 {\n\t\t\t\tmargin: auto;\n\t\t\t}\n\t\t\t#gallery-2 .gallery-item {\n\t\t\t\tfloat: left;\n\t\t\t\tmargin-top: 10px;\n\t\t\t\ttext-align: center;\n\t\t\t\twidth: 16%;\n\t\t\t}\n\t\t\t#gallery-2 img {\n\t\t\t\tborder: 2px solid #cfcfcf;\n\t\t\t}\n\t\t\t#gallery-2 .gallery-caption {\n\t\t\t\tmargin-left: 0;\n\t\t\t}\n\t\t\t\/* see gallery_shortcode() in wp-includes\/media.php *\/\n\t\t<\/style>\n\t\t<div id='gallery-2' class='gallery galleryid-5273 gallery-columns-6 gallery-size-thumbnail'><dl class='gallery-item'>\n\t\t\t<dt class='gallery-icon landscape'>\n\t\t\t\t<a href='https:\/\/portalescuola.comune.palermo.it\/wp-content\/uploads\/2020\/02\/image00001-2.jpeg'><img width=\"150\" height=\"150\" src=\"https:\/\/portalescuola.comune.palermo.it\/wp-content\/uploads\/2020\/02\/image00001-2-150x150.jpeg\" class=\"attachment-thumbnail size-thumbnail\" alt=\"\" loading=\"lazy\" srcset=\"https:\/\/portalescuola.comune.palermo.it\/wp-content\/uploads\/2020\/02\/image00001-2-150x150.jpeg 150w, https:\/\/portalescuola.comune.palermo.it\/wp-content\/uploads\/2020\/02\/image00001-2-570x570.jpeg 570w, https:\/\/portalescuola.comune.palermo.it\/wp-content\/uploads\/2020\/02\/image00001-2-500x500.jpeg 500w, https:\/\/portalescuola.comune.palermo.it\/wp-content\/uploads\/2020\/02\/image00001-2-1000x1000.jpeg 1000w\" sizes=\"(max-width: 150px) 100vw, 150px\" \/><\/a>\n\t\t\t<\/dt><\/dl><dl class='gallery-item'>\n\t\t\t<dt class='gallery-icon portrait'>\n\t\t\t\t<a href='https:\/\/portalescuola.comune.palermo.it\/wp-content\/uploads\/2020\/02\/image00002-2.jpeg'><img width=\"150\" height=\"150\" src=\"https:\/\/portalescuola.comune.palermo.it\/wp-content\/uploads\/2020\/02\/image00002-2-150x150.jpeg\" class=\"attachment-thumbnail size-thumbnail\" alt=\"\" loading=\"lazy\" srcset=\"https:\/\/portalescuola.comune.palermo.it\/wp-content\/uploads\/2020\/02\/image00002-2-150x150.jpeg 150w, https:\/\/portalescuola.comune.palermo.it\/wp-content\/uploads\/2020\/02\/image00002-2-570x570.jpeg 570w, https:\/\/portalescuola.comune.palermo.it\/wp-content\/uploads\/2020\/02\/image00002-2-500x500.jpeg 500w, https:\/\/portalescuola.comune.palermo.it\/wp-content\/uploads\/2020\/02\/image00002-2-1000x1000.jpeg 1000w\" sizes=\"(max-width: 150px) 100vw, 150px\" \/><\/a>\n\t\t\t<\/dt><\/dl><dl class='gallery-item'>\n\t\t\t<dt class='gallery-icon portrait'>\n\t\t\t\t<a href='https:\/\/portalescuola.comune.palermo.it\/wp-content\/uploads\/2020\/02\/image00003-2.jpeg'><img width=\"150\" height=\"150\" src=\"https:\/\/portalescuola.comune.palermo.it\/wp-content\/uploads\/2020\/02\/image00003-2-150x150.jpeg\" class=\"attachment-thumbnail size-thumbnail\" alt=\"\" loading=\"lazy\" srcset=\"https:\/\/portalescuola.comune.palermo.it\/wp-content\/uploads\/2020\/02\/image00003-2-150x150.jpeg 150w, https:\/\/portalescuola.comune.palermo.it\/wp-content\/uploads\/2020\/02\/image00003-2-570x570.jpeg 570w, https:\/\/portalescuola.comune.palermo.it\/wp-content\/uploads\/2020\/02\/image00003-2-500x500.jpeg 500w, https:\/\/portalescuola.comune.palermo.it\/wp-content\/uploads\/2020\/02\/image00003-2-1000x1000.jpeg 1000w\" sizes=\"(max-width: 150px) 100vw, 150px\" \/><\/a>\n\t\t\t<\/dt><\/dl><dl class='gallery-item'>\n\t\t\t<dt class='gallery-icon portrait'>\n\t\t\t\t<a href='https:\/\/portalescuola.comune.palermo.it\/wp-content\/uploads\/2020\/02\/image00004-2.jpeg'><img width=\"150\" height=\"150\" src=\"https:\/\/portalescuola.comune.palermo.it\/wp-content\/uploads\/2020\/02\/image00004-2-150x150.jpeg\" class=\"attachment-thumbnail size-thumbnail\" alt=\"\" loading=\"lazy\" srcset=\"https:\/\/portalescuola.comune.palermo.it\/wp-content\/uploads\/2020\/02\/image00004-2-150x150.jpeg 150w, https:\/\/portalescuola.comune.palermo.it\/wp-content\/uploads\/2020\/02\/image00004-2-570x570.jpeg 570w, https:\/\/portalescuola.comune.palermo.it\/wp-content\/uploads\/2020\/02\/image00004-2-500x500.jpeg 500w, https:\/\/portalescuola.comune.palermo.it\/wp-content\/uploads\/2020\/02\/image00004-2-1000x1000.jpeg 1000w\" sizes=\"(max-width: 150px) 100vw, 150px\" \/><\/a>\n\t\t\t<\/dt><\/dl><dl class='gallery-item'>\n\t\t\t<dt class='gallery-icon portrait'>\n\t\t\t\t<a href='https:\/\/portalescuola.comune.palermo.it\/wp-content\/uploads\/2020\/02\/image00005-2.jpeg'><img width=\"150\" height=\"150\" src=\"https:\/\/portalescuola.comune.palermo.it\/wp-content\/uploads\/2020\/02\/image00005-2-150x150.jpeg\" class=\"attachment-thumbnail size-thumbnail\" alt=\"\" loading=\"lazy\" srcset=\"https:\/\/portalescuola.comune.palermo.it\/wp-content\/uploads\/2020\/02\/image00005-2-150x150.jpeg 150w, https:\/\/portalescuola.comune.palermo.it\/wp-content\/uploads\/2020\/02\/image00005-2-570x570.jpeg 570w, https:\/\/portalescuola.comune.palermo.it\/wp-content\/uploads\/2020\/02\/image00005-2-500x500.jpeg 500w, https:\/\/portalescuola.comune.palermo.it\/wp-content\/uploads\/2020\/02\/image00005-2-1000x1000.jpeg 1000w\" sizes=\"(max-width: 150px) 100vw, 150px\" \/><\/a>\n\t\t\t<\/dt><\/dl><dl class='gallery-item'>\n\t\t\t<dt class='gallery-icon portrait'>\n\t\t\t\t<a href='https:\/\/portalescuola.comune.palermo.it\/wp-content\/uploads\/2020\/02\/image00006-2.jpeg'><img width=\"150\" height=\"150\" src=\"https:\/\/portalescuola.comune.palermo.it\/wp-content\/uploads\/2020\/02\/image00006-2-150x150.jpeg\" class=\"attachment-thumbnail size-thumbnail\" alt=\"\" loading=\"lazy\" srcset=\"https:\/\/portalescuola.comune.palermo.it\/wp-content\/uploads\/2020\/02\/image00006-2-150x150.jpeg 150w, https:\/\/portalescuola.comune.palermo.it\/wp-content\/uploads\/2020\/02\/image00006-2-570x570.jpeg 570w, https:\/\/portalescuola.comune.palermo.it\/wp-content\/uploads\/2020\/02\/image00006-2-500x500.jpeg 500w, https:\/\/portalescuola.comune.palermo.it\/wp-content\/uploads\/2020\/02\/image00006-2-1000x1000.jpeg 1000w\" sizes=\"(max-width: 150px) 100vw, 150px\" \/><\/a>\n\t\t\t<\/dt><\/dl><br style=\"clear: both\" \/><dl class='gallery-item'>\n\t\t\t<dt class='gallery-icon portrait'>\n\t\t\t\t<a href='https:\/\/portalescuola.comune.palermo.it\/wp-content\/uploads\/2020\/02\/image00007-2.jpeg'><img width=\"150\" height=\"150\" src=\"https:\/\/portalescuola.comune.palermo.it\/wp-content\/uploads\/2020\/02\/image00007-2-150x150.jpeg\" class=\"attachment-thumbnail size-thumbnail\" alt=\"\" loading=\"lazy\" srcset=\"https:\/\/portalescuola.comune.palermo.it\/wp-content\/uploads\/2020\/02\/image00007-2-150x150.jpeg 150w, https:\/\/portalescuola.comune.palermo.it\/wp-content\/uploads\/2020\/02\/image00007-2-570x570.jpeg 570w, https:\/\/portalescuola.comune.palermo.it\/wp-content\/uploads\/2020\/02\/image00007-2-500x500.jpeg 500w, https:\/\/portalescuola.comune.palermo.it\/wp-content\/uploads\/2020\/02\/image00007-2-1000x1000.jpeg 1000w\" sizes=\"(max-width: 150px) 100vw, 150px\" \/><\/a>\n\t\t\t<\/dt><\/dl><dl class='gallery-item'>\n\t\t\t<dt class='gallery-icon portrait'>\n\t\t\t\t<a href='https:\/\/portalescuola.comune.palermo.it\/wp-content\/uploads\/2020\/02\/image00008-2.jpeg'><img width=\"150\" height=\"150\" src=\"https:\/\/portalescuola.comune.palermo.it\/wp-content\/uploads\/2020\/02\/image00008-2-150x150.jpeg\" class=\"attachment-thumbnail size-thumbnail\" alt=\"\" loading=\"lazy\" srcset=\"https:\/\/portalescuola.comune.palermo.it\/wp-content\/uploads\/2020\/02\/image00008-2-150x150.jpeg 150w, https:\/\/portalescuola.comune.palermo.it\/wp-content\/uploads\/2020\/02\/image00008-2-570x570.jpeg 570w, https:\/\/portalescuola.comune.palermo.it\/wp-content\/uploads\/2020\/02\/image00008-2-500x500.jpeg 500w, https:\/\/portalescuola.comune.palermo.it\/wp-content\/uploads\/2020\/02\/image00008-2-1000x1000.jpeg 1000w\" sizes=\"(max-width: 150px) 100vw, 150px\" \/><\/a>\n\t\t\t<\/dt><\/dl><dl class='gallery-item'>\n\t\t\t<dt class='gallery-icon portrait'>\n\t\t\t\t<a href='https:\/\/portalescuola.comune.palermo.it\/wp-content\/uploads\/2020\/02\/image00009-2.jpeg'><img width=\"150\" height=\"150\" src=\"https:\/\/portalescuola.comune.palermo.it\/wp-content\/uploads\/2020\/02\/image00009-2-150x150.jpeg\" class=\"attachment-thumbnail size-thumbnail\" alt=\"\" loading=\"lazy\" srcset=\"https:\/\/portalescuola.comune.palermo.it\/wp-content\/uploads\/2020\/02\/image00009-2-150x150.jpeg 150w, https:\/\/portalescuola.comune.palermo.it\/wp-content\/uploads\/2020\/02\/image00009-2-570x570.jpeg 570w, https:\/\/portalescuola.comune.palermo.it\/wp-content\/uploads\/2020\/02\/image00009-2-500x500.jpeg 500w, https:\/\/portalescuola.comune.palermo.it\/wp-content\/uploads\/2020\/02\/image00009-2-1000x1000.jpeg 1000w\" sizes=\"(max-width: 150px) 100vw, 150px\" \/><\/a>\n\t\t\t<\/dt><\/dl><dl class='gallery-item'>\n\t\t\t<dt class='gallery-icon portrait'>\n\t\t\t\t<a href='https:\/\/portalescuola.comune.palermo.it\/wp-content\/uploads\/2020\/02\/image00010-2.jpeg'><img width=\"150\" height=\"150\" src=\"https:\/\/portalescuola.comune.palermo.it\/wp-content\/uploads\/2020\/02\/image00010-2-150x150.jpeg\" class=\"attachment-thumbnail size-thumbnail\" alt=\"\" loading=\"lazy\" srcset=\"https:\/\/portalescuola.comune.palermo.it\/wp-content\/uploads\/2020\/02\/image00010-2-150x150.jpeg 150w, https:\/\/portalescuola.comune.palermo.it\/wp-content\/uploads\/2020\/02\/image00010-2-570x570.jpeg 570w, https:\/\/portalescuola.comune.palermo.it\/wp-content\/uploads\/2020\/02\/image00010-2-500x500.jpeg 500w, https:\/\/portalescuola.comune.palermo.it\/wp-content\/uploads\/2020\/02\/image00010-2-1000x1000.jpeg 1000w\" sizes=\"(max-width: 150px) 100vw, 150px\" \/><\/a>\n\t\t\t<\/dt><\/dl><dl class='gallery-item'>\n\t\t\t<dt class='gallery-icon portrait'>\n\t\t\t\t<a href='https:\/\/portalescuola.comune.palermo.it\/wp-content\/uploads\/2020\/02\/IMG_5121.jpg'><img width=\"150\" height=\"150\" src=\"https:\/\/portalescuola.comune.palermo.it\/wp-content\/uploads\/2020\/02\/IMG_5121-150x150.jpg\" class=\"attachment-thumbnail size-thumbnail\" alt=\"\" loading=\"lazy\" srcset=\"https:\/\/portalescuola.comune.palermo.it\/wp-content\/uploads\/2020\/02\/IMG_5121-150x150.jpg 150w, https:\/\/portalescuola.comune.palermo.it\/wp-content\/uploads\/2020\/02\/IMG_5121-570x570.jpg 570w, https:\/\/portalescuola.comune.palermo.it\/wp-content\/uploads\/2020\/02\/IMG_5121-500x500.jpg 500w, https:\/\/portalescuola.comune.palermo.it\/wp-content\/uploads\/2020\/02\/IMG_5121-1000x1000.jpg 1000w\" sizes=\"(max-width: 150px) 100vw, 150px\" \/><\/a>\n\t\t\t<\/dt><\/dl><dl class='gallery-item'>\n\t\t\t<dt class='gallery-icon portrait'>\n\t\t\t\t<a href='https:\/\/portalescuola.comune.palermo.it\/wp-content\/uploads\/2020\/02\/sfilata-1.jpg'><img width=\"150\" height=\"150\" src=\"https:\/\/portalescuola.comune.palermo.it\/wp-content\/uploads\/2020\/02\/sfilata-1-150x150.jpg\" class=\"attachment-thumbnail size-thumbnail\" alt=\"\" loading=\"lazy\" srcset=\"https:\/\/portalescuola.comune.palermo.it\/wp-content\/uploads\/2020\/02\/sfilata-1-150x150.jpg 150w, https:\/\/portalescuola.comune.palermo.it\/wp-content\/uploads\/2020\/02\/sfilata-1-570x570.jpg 570w, https:\/\/portalescuola.comune.palermo.it\/wp-content\/uploads\/2020\/02\/sfilata-1-500x500.jpg 500w, https:\/\/portalescuola.comune.palermo.it\/wp-content\/uploads\/2020\/02\/sfilata-1-1000x1000.jpg 1000w\" sizes=\"(max-width: 150px) 100vw, 150px\" \/><\/a>\n\t\t\t<\/dt><\/dl><br style=\"clear: both\" \/><dl class='gallery-item'>\n\t\t\t<dt class='gallery-icon portrait'>\n\t\t\t\t<a href='https:\/\/portalescuola.comune.palermo.it\/wp-content\/uploads\/2020\/02\/sfilata-2.jpg'><img width=\"150\" height=\"150\" src=\"https:\/\/portalescuola.comune.palermo.it\/wp-content\/uploads\/2020\/02\/sfilata-2-150x150.jpg\" class=\"attachment-thumbnail size-thumbnail\" alt=\"\" loading=\"lazy\" srcset=\"https:\/\/portalescuola.comune.palermo.it\/wp-content\/uploads\/2020\/02\/sfilata-2-150x150.jpg 150w, https:\/\/portalescuola.comune.palermo.it\/wp-content\/uploads\/2020\/02\/sfilata-2-570x570.jpg 570w, https:\/\/portalescuola.comune.palermo.it\/wp-content\/uploads\/2020\/02\/sfilata-2-500x500.jpg 500w, https:\/\/portalescuola.comune.palermo.it\/wp-content\/uploads\/2020\/02\/sfilata-2-1000x1000.jpg 1000w\" sizes=\"(max-width: 150px) 100vw, 150px\" \/><\/a>\n\t\t\t<\/dt><\/dl><dl class='gallery-item'>\n\t\t\t<dt class='gallery-icon portrait'>\n\t\t\t\t<a href='https:\/\/portalescuola.comune.palermo.it\/wp-content\/uploads\/2020\/02\/sfilata-3.jpg'><img width=\"150\" height=\"150\" src=\"https:\/\/portalescuola.comune.palermo.it\/wp-content\/uploads\/2020\/02\/sfilata-3-150x150.jpg\" class=\"attachment-thumbnail size-thumbnail\" alt=\"\" loading=\"lazy\" srcset=\"https:\/\/portalescuola.comune.palermo.it\/wp-content\/uploads\/2020\/02\/sfilata-3-150x150.jpg 150w, https:\/\/portalescuola.comune.palermo.it\/wp-content\/uploads\/2020\/02\/sfilata-3-570x570.jpg 570w, https:\/\/portalescuola.comune.palermo.it\/wp-content\/uploads\/2020\/02\/sfilata-3-500x500.jpg 500w, https:\/\/portalescuola.comune.palermo.it\/wp-content\/uploads\/2020\/02\/sfilata-3-1000x1000.jpg 1000w\" sizes=\"(max-width: 150px) 100vw, 150px\" \/><\/a>\n\t\t\t<\/dt><\/dl><dl class='gallery-item'>\n\t\t\t<dt class='gallery-icon landscape'>\n\t\t\t\t<a href='https:\/\/portalescuola.comune.palermo.it\/wp-content\/uploads\/2020\/02\/sfilata-4.jpg'><img width=\"150\" height=\"150\" src=\"https:\/\/portalescuola.comune.palermo.it\/wp-content\/uploads\/2020\/02\/sfilata-4-150x150.jpg\" class=\"attachment-thumbnail size-thumbnail\" alt=\"\" loading=\"lazy\" srcset=\"https:\/\/portalescuola.comune.palermo.it\/wp-content\/uploads\/2020\/02\/sfilata-4-150x150.jpg 150w, https:\/\/portalescuola.comune.palermo.it\/wp-content\/uploads\/2020\/02\/sfilata-4-570x570.jpg 570w, https:\/\/portalescuola.comune.palermo.it\/wp-content\/uploads\/2020\/02\/sfilata-4-500x500.jpg 500w, https:\/\/portalescuola.comune.palermo.it\/wp-content\/uploads\/2020\/02\/sfilata-4-1000x1000.jpg 1000w\" sizes=\"(max-width: 150px) 100vw, 150px\" \/><\/a>\n\t\t\t<\/dt><\/dl><dl class='gallery-item'>\n\t\t\t<dt class='gallery-icon portrait'>\n\t\t\t\t<a href='https:\/\/portalescuola.comune.palermo.it\/wp-content\/uploads\/2020\/02\/sfilata-5.jpg'><img width=\"150\" height=\"150\" src=\"https:\/\/portalescuola.comune.palermo.it\/wp-content\/uploads\/2020\/02\/sfilata-5-150x150.jpg\" class=\"attachment-thumbnail size-thumbnail\" alt=\"\" loading=\"lazy\" srcset=\"https:\/\/portalescuola.comune.palermo.it\/wp-content\/uploads\/2020\/02\/sfilata-5-150x150.jpg 150w, https:\/\/portalescuola.comune.palermo.it\/wp-content\/uploads\/2020\/02\/sfilata-5-570x570.jpg 570w, https:\/\/portalescuola.comune.palermo.it\/wp-content\/uploads\/2020\/02\/sfilata-5-500x500.jpg 500w, https:\/\/portalescuola.comune.palermo.it\/wp-content\/uploads\/2020\/02\/sfilata-5-1000x1000.jpg 1000w\" sizes=\"(max-width: 150px) 100vw, 150px\" \/><\/a>\n\t\t\t<\/dt><\/dl><dl class='gallery-item'>\n\t\t\t<dt class='gallery-icon landscape'>\n\t\t\t\t<a href='https:\/\/portalescuola.comune.palermo.it\/wp-content\/uploads\/2020\/02\/sfilata-7.jpg'><img width=\"150\" height=\"150\" src=\"https:\/\/portalescuola.comune.palermo.it\/wp-content\/uploads\/2020\/02\/sfilata-7-150x150.jpg\" class=\"attachment-thumbnail size-thumbnail\" alt=\"\" loading=\"lazy\" srcset=\"https:\/\/portalescuola.comune.palermo.it\/wp-content\/uploads\/2020\/02\/sfilata-7-150x150.jpg 150w, https:\/\/portalescuola.comune.palermo.it\/wp-content\/uploads\/2020\/02\/sfilata-7-570x570.jpg 570w, https:\/\/portalescuola.comune.palermo.it\/wp-content\/uploads\/2020\/02\/sfilata-7-500x500.jpg 500w, https:\/\/portalescuola.comune.palermo.it\/wp-content\/uploads\/2020\/02\/sfilata-7-1000x1000.jpg 1000w\" sizes=\"(max-width: 150px) 100vw, 150px\" \/><\/a>\n\t\t\t<\/dt><\/dl><dl class='gallery-item'>\n\t\t\t<dt class='gallery-icon portrait'>\n\t\t\t\t<a href='https:\/\/portalescuola.comune.palermo.it\/wp-content\/uploads\/2020\/02\/sfilata-8.jpg'><img width=\"150\" height=\"150\" src=\"https:\/\/portalescuola.comune.palermo.it\/wp-content\/uploads\/2020\/02\/sfilata-8-150x150.jpg\" class=\"attachment-thumbnail size-thumbnail\" alt=\"\" loading=\"lazy\" srcset=\"https:\/\/portalescuola.comune.palermo.it\/wp-content\/uploads\/2020\/02\/sfilata-8-150x150.jpg 150w, https:\/\/portalescuola.comune.palermo.it\/wp-content\/uploads\/2020\/02\/sfilata-8-570x570.jpg 570w, https:\/\/portalescuola.comune.palermo.it\/wp-content\/uploads\/2020\/02\/sfilata-8-500x500.jpg 500w, https:\/\/portalescuola.comune.palermo.it\/wp-content\/uploads\/2020\/02\/sfilata-8-1000x1000.jpg 1000w\" sizes=\"(max-width: 150px) 100vw, 150px\" \/><\/a>\n\t\t\t<\/dt><\/dl><br style=\"clear: both\" \/><dl class='gallery-item'>\n\t\t\t<dt class='gallery-icon landscape'>\n\t\t\t\t<a href='https:\/\/portalescuola.comune.palermo.it\/wp-content\/uploads\/2020\/02\/sfilata-9.jpg'><img width=\"150\" height=\"150\" src=\"https:\/\/portalescuola.comune.palermo.it\/wp-content\/uploads\/2020\/02\/sfilata-9-150x150.jpg\" class=\"attachment-thumbnail size-thumbnail\" alt=\"\" loading=\"lazy\" srcset=\"https:\/\/portalescuola.comune.palermo.it\/wp-content\/uploads\/2020\/02\/sfilata-9-150x150.jpg 150w, https:\/\/portalescuola.comune.palermo.it\/wp-content\/uploads\/2020\/02\/sfilata-9-570x570.jpg 570w, https:\/\/portalescuola.comune.palermo.it\/wp-content\/uploads\/2020\/02\/sfilata-9-500x500.jpg 500w, https:\/\/portalescuola.comune.palermo.it\/wp-content\/uploads\/2020\/02\/sfilata-9-1000x1000.jpg 1000w\" sizes=\"(max-width: 150px) 100vw, 150px\" \/><\/a>\n\t\t\t<\/dt><\/dl><dl class='gallery-item'>\n\t\t\t<dt class='gallery-icon landscape'>\n\t\t\t\t<a href='https:\/\/portalescuola.comune.palermo.it\/wp-content\/uploads\/2020\/02\/sfilata-13.jpg'><img width=\"150\" height=\"150\" src=\"https:\/\/portalescuola.comune.palermo.it\/wp-content\/uploads\/2020\/02\/sfilata-13-150x150.jpg\" class=\"attachment-thumbnail size-thumbnail\" alt=\"\" loading=\"lazy\" srcset=\"https:\/\/portalescuola.comune.palermo.it\/wp-content\/uploads\/2020\/02\/sfilata-13-150x150.jpg 150w, https:\/\/portalescuola.comune.palermo.it\/wp-content\/uploads\/2020\/02\/sfilata-13-570x570.jpg 570w, https:\/\/portalescuola.comune.palermo.it\/wp-content\/uploads\/2020\/02\/sfilata-13-500x500.jpg 500w, https:\/\/portalescuola.comune.palermo.it\/wp-content\/uploads\/2020\/02\/sfilata-13-1000x1000.jpg 1000w\" sizes=\"(max-width: 150px) 100vw, 150px\" \/><\/a>\n\t\t\t<\/dt><\/dl><dl class='gallery-item'>\n\t\t\t<dt class='gallery-icon landscape'>\n\t\t\t\t<a href='https:\/\/portalescuola.comune.palermo.it\/wp-content\/uploads\/2020\/02\/sfilata-15.jpg'><img width=\"150\" height=\"150\" src=\"https:\/\/portalescuola.comune.palermo.it\/wp-content\/uploads\/2020\/02\/sfilata-15-150x150.jpg\" class=\"attachment-thumbnail size-thumbnail\" alt=\"\" loading=\"lazy\" srcset=\"https:\/\/portalescuola.comune.palermo.it\/wp-content\/uploads\/2020\/02\/sfilata-15-150x150.jpg 150w, https:\/\/portalescuola.comune.palermo.it\/wp-content\/uploads\/2020\/02\/sfilata-15-570x570.jpg 570w, https:\/\/portalescuola.comune.palermo.it\/wp-content\/uploads\/2020\/02\/sfilata-15-500x500.jpg 500w, https:\/\/portalescuola.comune.palermo.it\/wp-content\/uploads\/2020\/02\/sfilata-15-1000x1000.jpg 1000w\" sizes=\"(max-width: 150px) 100vw, 150px\" \/><\/a>\n\t\t\t<\/dt><\/dl><dl class='gallery-item'>\n\t\t\t<dt class='gallery-icon landscape'>\n\t\t\t\t<a href='https:\/\/portalescuola.comune.palermo.it\/wp-content\/uploads\/2020\/02\/sfilata-26.jpg'><img width=\"150\" height=\"150\" src=\"https:\/\/portalescuola.comune.palermo.it\/wp-content\/uploads\/2020\/02\/sfilata-26-150x150.jpg\" class=\"attachment-thumbnail size-thumbnail\" alt=\"\" loading=\"lazy\" srcset=\"https:\/\/portalescuola.comune.palermo.it\/wp-content\/uploads\/2020\/02\/sfilata-26-150x150.jpg 150w, https:\/\/portalescuola.comune.palermo.it\/wp-content\/uploads\/2020\/02\/sfilata-26-570x570.jpg 570w, https:\/\/portalescuola.comune.palermo.it\/wp-content\/uploads\/2020\/02\/sfilata-26-500x500.jpg 500w, https:\/\/portalescuola.comune.palermo.it\/wp-content\/uploads\/2020\/02\/sfilata-26-1000x1000.jpg 1000w\" sizes=\"(max-width: 150px) 100vw, 150px\" \/><\/a>\n\t\t\t<\/dt><\/dl><dl class='gallery-item'>\n\t\t\t<dt class='gallery-icon landscape'>\n\t\t\t\t<a href='https:\/\/portalescuola.comune.palermo.it\/wp-content\/uploads\/2020\/02\/sfilata-27.jpg'><img width=\"150\" height=\"150\" src=\"https:\/\/portalescuola.comune.palermo.it\/wp-content\/uploads\/2020\/02\/sfilata-27-150x150.jpg\" class=\"attachment-thumbnail size-thumbnail\" alt=\"\" loading=\"lazy\" srcset=\"https:\/\/portalescuola.comune.palermo.it\/wp-content\/uploads\/2020\/02\/sfilata-27-150x150.jpg 150w, https:\/\/portalescuola.comune.palermo.it\/wp-content\/uploads\/2020\/02\/sfilata-27-570x570.jpg 570w, https:\/\/portalescuola.comune.palermo.it\/wp-content\/uploads\/2020\/02\/sfilata-27-500x500.jpg 500w, https:\/\/portalescuola.comune.palermo.it\/wp-content\/uploads\/2020\/02\/sfilata-27-1000x1000.jpg 1000w\" sizes=\"(max-width: 150px) 100vw, 150px\" \/><\/a>\n\t\t\t<\/dt><\/dl><dl class='gallery-item'>\n\t\t\t<dt class='gallery-icon portrait'>\n\t\t\t\t<a href='https:\/\/portalescuola.comune.palermo.it\/wp-content\/uploads\/2020\/02\/sfilata-28.jpg'><img width=\"150\" height=\"150\" src=\"https:\/\/portalescuola.comune.palermo.it\/wp-content\/uploads\/2020\/02\/sfilata-28-150x150.jpg\" class=\"attachment-thumbnail size-thumbnail\" alt=\"\" loading=\"lazy\" srcset=\"https:\/\/portalescuola.comune.palermo.it\/wp-content\/uploads\/2020\/02\/sfilata-28-150x150.jpg 150w, https:\/\/portalescuola.comune.palermo.it\/wp-content\/uploads\/2020\/02\/sfilata-28-570x570.jpg 570w, https:\/\/portalescuola.comune.palermo.it\/wp-content\/uploads\/2020\/02\/sfilata-28-500x500.jpg 500w, https:\/\/portalescuola.comune.palermo.it\/wp-content\/uploads\/2020\/02\/sfilata-28-1000x1000.jpg 1000w\" sizes=\"(max-width: 150px) 100vw, 150px\" \/><\/a>\n\t\t\t<\/dt><\/dl><br style=\"clear: both\" \/><dl class='gallery-item'>\n\t\t\t<dt class='gallery-icon portrait'>\n\t\t\t\t<a href='https:\/\/portalescuola.comune.palermo.it\/wp-content\/uploads\/2020\/02\/sfilata-29.jpg'><img width=\"150\" height=\"150\" src=\"https:\/\/portalescuola.comune.palermo.it\/wp-content\/uploads\/2020\/02\/sfilata-29-150x150.jpg\" class=\"attachment-thumbnail size-thumbnail\" alt=\"\" loading=\"lazy\" srcset=\"https:\/\/portalescuola.comune.palermo.it\/wp-content\/uploads\/2020\/02\/sfilata-29-150x150.jpg 150w, https:\/\/portalescuola.comune.palermo.it\/wp-content\/uploads\/2020\/02\/sfilata-29-570x570.jpg 570w, https:\/\/portalescuola.comune.palermo.it\/wp-content\/uploads\/2020\/02\/sfilata-29-500x500.jpg 500w, https:\/\/portalescuola.comune.palermo.it\/wp-content\/uploads\/2020\/02\/sfilata-29-1000x1000.jpg 1000w\" sizes=\"(max-width: 150px) 100vw, 150px\" \/><\/a>\n\t\t\t<\/dt><\/dl><dl class='gallery-item'>\n\t\t\t<dt class='gallery-icon landscape'>\n\t\t\t\t<a href='https:\/\/portalescuola.comune.palermo.it\/wp-content\/uploads\/2020\/02\/IMG_2824.jpg'><img width=\"150\" height=\"150\" src=\"https:\/\/portalescuola.comune.palermo.it\/wp-content\/uploads\/2020\/02\/IMG_2824-150x150.jpg\" class=\"attachment-thumbnail size-thumbnail\" alt=\"\" loading=\"lazy\" srcset=\"https:\/\/portalescuola.comune.palermo.it\/wp-content\/uploads\/2020\/02\/IMG_2824-150x150.jpg 150w, https:\/\/portalescuola.comune.palermo.it\/wp-content\/uploads\/2020\/02\/IMG_2824-570x570.jpg 570w, https:\/\/portalescuola.comune.palermo.it\/wp-content\/uploads\/2020\/02\/IMG_2824-500x500.jpg 500w, https:\/\/portalescuola.comune.palermo.it\/wp-content\/uploads\/2020\/02\/IMG_2824-1000x1000.jpg 1000w\" sizes=\"(max-width: 150px) 100vw, 150px\" \/><\/a>\n\t\t\t<\/dt><\/dl><dl class='gallery-item'>\n\t\t\t<dt class='gallery-icon landscape'>\n\t\t\t\t<a href='https:\/\/portalescuola.comune.palermo.it\/wp-content\/uploads\/2020\/02\/IMG_2827.jpg'><img width=\"150\" height=\"150\" src=\"https:\/\/portalescuola.comune.palermo.it\/wp-content\/uploads\/2020\/02\/IMG_2827-150x150.jpg\" class=\"attachment-thumbnail size-thumbnail\" alt=\"\" loading=\"lazy\" srcset=\"https:\/\/portalescuola.comune.palermo.it\/wp-content\/uploads\/2020\/02\/IMG_2827-150x150.jpg 150w, https:\/\/portalescuola.comune.palermo.it\/wp-content\/uploads\/2020\/02\/IMG_2827-570x570.jpg 570w, https:\/\/portalescuola.comune.palermo.it\/wp-content\/uploads\/2020\/02\/IMG_2827-500x500.jpg 500w, https:\/\/portalescuola.comune.palermo.it\/wp-content\/uploads\/2020\/02\/IMG_2827-1000x1000.jpg 1000w\" sizes=\"(max-width: 150px) 100vw, 150px\" \/><\/a>\n\t\t\t<\/dt><\/dl><dl class='gallery-item'>\n\t\t\t<dt class='gallery-icon landscape'>\n\t\t\t\t<a href='https:\/\/portalescuola.comune.palermo.it\/wp-content\/uploads\/2020\/02\/IMG_2835.jpg'><img width=\"150\" height=\"150\" src=\"https:\/\/portalescuola.comune.palermo.it\/wp-content\/uploads\/2020\/02\/IMG_2835-150x150.jpg\" class=\"attachment-thumbnail size-thumbnail\" alt=\"\" loading=\"lazy\" srcset=\"https:\/\/portalescuola.comune.palermo.it\/wp-content\/uploads\/2020\/02\/IMG_2835-150x150.jpg 150w, https:\/\/portalescuola.comune.palermo.it\/wp-content\/uploads\/2020\/02\/IMG_2835-570x570.jpg 570w, https:\/\/portalescuola.comune.palermo.it\/wp-content\/uploads\/2020\/02\/IMG_2835-500x500.jpg 500w, https:\/\/portalescuola.comune.palermo.it\/wp-content\/uploads\/2020\/02\/IMG_2835-1000x1000.jpg 1000w\" sizes=\"(max-width: 150px) 100vw, 150px\" \/><\/a>\n\t\t\t<\/dt><\/dl><dl class='gallery-item'>\n\t\t\t<dt class='gallery-icon landscape'>\n\t\t\t\t<a href='https:\/\/portalescuola.comune.palermo.it\/wp-content\/uploads\/2020\/02\/IMG_2836.jpg'><img width=\"150\" height=\"150\" src=\"https:\/\/portalescuola.comune.palermo.it\/wp-content\/uploads\/2020\/02\/IMG_2836-150x150.jpg\" class=\"attachment-thumbnail size-thumbnail\" alt=\"\" loading=\"lazy\" srcset=\"https:\/\/portalescuola.comune.palermo.it\/wp-content\/uploads\/2020\/02\/IMG_2836-150x150.jpg 150w, https:\/\/portalescuola.comune.palermo.it\/wp-content\/uploads\/2020\/02\/IMG_2836-570x570.jpg 570w, https:\/\/portalescuola.comune.palermo.it\/wp-content\/uploads\/2020\/02\/IMG_2836-500x500.jpg 500w, https:\/\/portalescuola.comune.palermo.it\/wp-content\/uploads\/2020\/02\/IMG_2836-1000x1000.jpg 1000w\" sizes=\"(max-width: 150px) 100vw, 150px\" \/><\/a>\n\t\t\t<\/dt><\/dl><dl class='gallery-item'>\n\t\t\t<dt class='gallery-icon portrait'>\n\t\t\t\t<a href='https:\/\/portalescuola.comune.palermo.it\/wp-content\/uploads\/2020\/02\/IMG_3710.jpg'><img width=\"150\" height=\"150\" src=\"https:\/\/portalescuola.comune.palermo.it\/wp-content\/uploads\/2020\/02\/IMG_3710-150x150.jpg\" class=\"attachment-thumbnail size-thumbnail\" alt=\"\" loading=\"lazy\" srcset=\"https:\/\/portalescuola.comune.palermo.it\/wp-content\/uploads\/2020\/02\/IMG_3710-150x150.jpg 150w, https:\/\/portalescuola.comune.palermo.it\/wp-content\/uploads\/2020\/02\/IMG_3710-570x570.jpg 570w, https:\/\/portalescuola.comune.palermo.it\/wp-content\/uploads\/2020\/02\/IMG_3710-500x500.jpg 500w, https:\/\/portalescuola.comune.palermo.it\/wp-content\/uploads\/2020\/02\/IMG_3710-1000x1000.jpg 1000w\" sizes=\"(max-width: 150px) 100vw, 150px\" \/><\/a>\n\t\t\t<\/dt><\/dl><br style=\"clear: both\" \/><dl class='gallery-item'>\n\t\t\t<dt class='gallery-icon portrait'>\n\t\t\t\t<a href='https:\/\/portalescuola.comune.palermo.it\/wp-content\/uploads\/2020\/02\/IMG_3736.jpg'><img width=\"150\" height=\"150\" src=\"https:\/\/portalescuola.comune.palermo.it\/wp-content\/uploads\/2020\/02\/IMG_3736-150x150.jpg\" class=\"attachment-thumbnail size-thumbnail\" alt=\"\" loading=\"lazy\" srcset=\"https:\/\/portalescuola.comune.palermo.it\/wp-content\/uploads\/2020\/02\/IMG_3736-150x150.jpg 150w, https:\/\/portalescuola.comune.palermo.it\/wp-content\/uploads\/2020\/02\/IMG_3736-570x570.jpg 570w, https:\/\/portalescuola.comune.palermo.it\/wp-content\/uploads\/2020\/02\/IMG_3736-500x500.jpg 500w, https:\/\/portalescuola.comune.palermo.it\/wp-content\/uploads\/2020\/02\/IMG_3736-1000x1000.jpg 1000w\" sizes=\"(max-width: 150px) 100vw, 150px\" \/><\/a>\n\t\t\t<\/dt><\/dl><dl class='gallery-item'>\n\t\t\t<dt class='gallery-icon landscape'>\n\t\t\t\t<a href='https:\/\/portalescuola.comune.palermo.it\/wp-content\/uploads\/2020\/02\/IMG_3746.jpg'><img width=\"150\" height=\"150\" src=\"https:\/\/portalescuola.comune.palermo.it\/wp-content\/uploads\/2020\/02\/IMG_3746-150x150.jpg\" class=\"attachment-thumbnail size-thumbnail\" alt=\"\" loading=\"lazy\" srcset=\"https:\/\/portalescuola.comune.palermo.it\/wp-content\/uploads\/2020\/02\/IMG_3746-150x150.jpg 150w, https:\/\/portalescuola.comune.palermo.it\/wp-content\/uploads\/2020\/02\/IMG_3746-570x570.jpg 570w, https:\/\/portalescuola.comune.palermo.it\/wp-content\/uploads\/2020\/02\/IMG_3746-500x500.jpg 500w, https:\/\/portalescuola.comune.palermo.it\/wp-content\/uploads\/2020\/02\/IMG_3746-1000x1000.jpg 1000w\" sizes=\"(max-width: 150px) 100vw, 150px\" \/><\/a>\n\t\t\t<\/dt><\/dl><dl class='gallery-item'>\n\t\t\t<dt class='gallery-icon portrait'>\n\t\t\t\t<a href='https:\/\/portalescuola.comune.palermo.it\/wp-content\/uploads\/2020\/02\/IMG_3789.jpg'><img width=\"150\" height=\"150\" src=\"https:\/\/portalescuola.comune.palermo.it\/wp-content\/uploads\/2020\/02\/IMG_3789-150x150.jpg\" class=\"attachment-thumbnail size-thumbnail\" alt=\"\" loading=\"lazy\" srcset=\"https:\/\/portalescuola.comune.palermo.it\/wp-content\/uploads\/2020\/02\/IMG_3789-150x150.jpg 150w, https:\/\/portalescuola.comune.palermo.it\/wp-content\/uploads\/2020\/02\/IMG_3789-570x570.jpg 570w, https:\/\/portalescuola.comune.palermo.it\/wp-content\/uploads\/2020\/02\/IMG_3789-500x500.jpg 500w, https:\/\/portalescuola.comune.palermo.it\/wp-content\/uploads\/2020\/02\/IMG_3789-1000x1000.jpg 1000w\" sizes=\"(max-width: 150px) 100vw, 150px\" \/><\/a>\n\t\t\t<\/dt><\/dl><dl class='gallery-item'>\n\t\t\t<dt class='gallery-icon portrait'>\n\t\t\t\t<a href='https:\/\/portalescuola.comune.palermo.it\/wp-content\/uploads\/2020\/02\/IMG_3816.jpg'><img width=\"150\" height=\"150\" src=\"https:\/\/portalescuola.comune.palermo.it\/wp-content\/uploads\/2020\/02\/IMG_3816-150x150.jpg\" class=\"attachment-thumbnail size-thumbnail\" alt=\"\" loading=\"lazy\" srcset=\"https:\/\/portalescuola.comune.palermo.it\/wp-content\/uploads\/2020\/02\/IMG_3816-150x150.jpg 150w, https:\/\/portalescuola.comune.palermo.it\/wp-content\/uploads\/2020\/02\/IMG_3816-570x570.jpg 570w, https:\/\/portalescuola.comune.palermo.it\/wp-content\/uploads\/2020\/02\/IMG_3816-500x500.jpg 500w, https:\/\/portalescuola.comune.palermo.it\/wp-content\/uploads\/2020\/02\/IMG_3816-1000x1000.jpg 1000w\" sizes=\"(max-width: 150px) 100vw, 150px\" \/><\/a>\n\t\t\t<\/dt><\/dl><dl class='gallery-item'>\n\t\t\t<dt class='gallery-icon landscape'>\n\t\t\t\t<a href='https:\/\/portalescuola.comune.palermo.it\/wp-content\/uploads\/2020\/02\/IMG_3822.jpg'><img width=\"150\" height=\"150\" src=\"https:\/\/portalescuola.comune.palermo.it\/wp-content\/uploads\/2020\/02\/IMG_3822-150x150.jpg\" class=\"attachment-thumbnail size-thumbnail\" alt=\"\" loading=\"lazy\" srcset=\"https:\/\/portalescuola.comune.palermo.it\/wp-content\/uploads\/2020\/02\/IMG_3822-150x150.jpg 150w, https:\/\/portalescuola.comune.palermo.it\/wp-content\/uploads\/2020\/02\/IMG_3822-570x570.jpg 570w, https:\/\/portalescuola.comune.palermo.it\/wp-content\/uploads\/2020\/02\/IMG_3822-500x500.jpg 500w, https:\/\/portalescuola.comune.palermo.it\/wp-content\/uploads\/2020\/02\/IMG_3822-1000x1000.jpg 1000w\" sizes=\"(max-width: 150px) 100vw, 150px\" \/><\/a>\n\t\t\t<\/dt><\/dl><dl class='gallery-item'>\n\t\t\t<dt class='gallery-icon portrait'>\n\t\t\t\t<a href='https:\/\/portalescuola.comune.palermo.it\/wp-content\/uploads\/2020\/02\/gattopardo-16.jpg'><img width=\"150\" height=\"150\" src=\"https:\/\/portalescuola.comune.palermo.it\/wp-content\/uploads\/2020\/02\/gattopardo-16-150x150.jpg\" class=\"attachment-thumbnail size-thumbnail\" alt=\"\" loading=\"lazy\" srcset=\"https:\/\/portalescuola.comune.palermo.it\/wp-content\/uploads\/2020\/02\/gattopardo-16-150x150.jpg 150w, https:\/\/portalescuola.comune.palermo.it\/wp-content\/uploads\/2020\/02\/gattopardo-16-570x570.jpg 570w, https:\/\/portalescuola.comune.palermo.it\/wp-content\/uploads\/2020\/02\/gattopardo-16-500x500.jpg 500w, https:\/\/portalescuola.comune.palermo.it\/wp-content\/uploads\/2020\/02\/gattopardo-16-1000x1000.jpg 1000w\" sizes=\"(max-width: 150px) 100vw, 150px\" \/><\/a>\n\t\t\t<\/dt><\/dl><br style=\"clear: both\" \/><dl class='gallery-item'>\n\t\t\t<dt class='gallery-icon portrait'>\n\t\t\t\t<a href='https:\/\/portalescuola.comune.palermo.it\/wp-content\/uploads\/2020\/02\/gattopardo-18.jpg'><img width=\"150\" height=\"150\" src=\"https:\/\/portalescuola.comune.palermo.it\/wp-content\/uploads\/2020\/02\/gattopardo-18-150x150.jpg\" class=\"attachment-thumbnail size-thumbnail\" alt=\"\" loading=\"lazy\" srcset=\"https:\/\/portalescuola.comune.palermo.it\/wp-content\/uploads\/2020\/02\/gattopardo-18-150x150.jpg 150w, https:\/\/portalescuola.comune.palermo.it\/wp-content\/uploads\/2020\/02\/gattopardo-18-570x570.jpg 570w, https:\/\/portalescuola.comune.palermo.it\/wp-content\/uploads\/2020\/02\/gattopardo-18-500x500.jpg 500w, https:\/\/portalescuola.comune.palermo.it\/wp-content\/uploads\/2020\/02\/gattopardo-18-1000x1000.jpg 1000w\" sizes=\"(max-width: 150px) 100vw, 150px\" \/><\/a>\n\t\t\t<\/dt><\/dl><dl class='gallery-item'>\n\t\t\t<dt class='gallery-icon portrait'>\n\t\t\t\t<a href='https:\/\/portalescuola.comune.palermo.it\/wp-content\/uploads\/2020\/02\/gattopardo-19.jpg'><img width=\"150\" height=\"150\" src=\"https:\/\/portalescuola.comune.palermo.it\/wp-content\/uploads\/2020\/02\/gattopardo-19-150x150.jpg\" class=\"attachment-thumbnail size-thumbnail\" alt=\"\" loading=\"lazy\" srcset=\"https:\/\/portalescuola.comune.palermo.it\/wp-content\/uploads\/2020\/02\/gattopardo-19-150x150.jpg 150w, https:\/\/portalescuola.comune.palermo.it\/wp-content\/uploads\/2020\/02\/gattopardo-19-570x570.jpg 570w, https:\/\/portalescuola.comune.palermo.it\/wp-content\/uploads\/2020\/02\/gattopardo-19-500x500.jpg 500w, https:\/\/portalescuola.comune.palermo.it\/wp-content\/uploads\/2020\/02\/gattopardo-19-1000x1000.jpg 1000w\" sizes=\"(max-width: 150px) 100vw, 150px\" \/><\/a>\n\t\t\t<\/dt><\/dl><dl class='gallery-item'>\n\t\t\t<dt class='gallery-icon landscape'>\n\t\t\t\t<a href='https:\/\/portalescuola.comune.palermo.it\/wp-content\/uploads\/2020\/02\/gattopardo-22.jpg'><img width=\"150\" height=\"150\" src=\"https:\/\/portalescuola.comune.palermo.it\/wp-content\/uploads\/2020\/02\/gattopardo-22-150x150.jpg\" class=\"attachment-thumbnail size-thumbnail\" alt=\"\" loading=\"lazy\" srcset=\"https:\/\/portalescuola.comune.palermo.it\/wp-content\/uploads\/2020\/02\/gattopardo-22-150x150.jpg 150w, https:\/\/portalescuola.comune.palermo.it\/wp-content\/uploads\/2020\/02\/gattopardo-22-570x570.jpg 570w, https:\/\/portalescuola.comune.palermo.it\/wp-content\/uploads\/2020\/02\/gattopardo-22-500x500.jpg 500w, https:\/\/portalescuola.comune.palermo.it\/wp-content\/uploads\/2020\/02\/gattopardo-22-1000x1000.jpg 1000w\" sizes=\"(max-width: 150px) 100vw, 150px\" \/><\/a>\n\t\t\t<\/dt><\/dl><dl class='gallery-item'>\n\t\t\t<dt class='gallery-icon landscape'>\n\t\t\t\t<a href='https:\/\/portalescuola.comune.palermo.it\/wp-content\/uploads\/2020\/02\/performance-teatrale-catalano-2.jpg'><img width=\"150\" height=\"150\" src=\"https:\/\/portalescuola.comune.palermo.it\/wp-content\/uploads\/2020\/02\/performance-teatrale-catalano-2-150x150.jpg\" class=\"attachment-thumbnail size-thumbnail\" alt=\"\" loading=\"lazy\" srcset=\"https:\/\/portalescuola.comune.palermo.it\/wp-content\/uploads\/2020\/02\/performance-teatrale-catalano-2-150x150.jpg 150w, https:\/\/portalescuola.comune.palermo.it\/wp-content\/uploads\/2020\/02\/performance-teatrale-catalano-2-570x570.jpg 570w, https:\/\/portalescuola.comune.palermo.it\/wp-content\/uploads\/2020\/02\/performance-teatrale-catalano-2-500x500.jpg 500w, https:\/\/portalescuola.comune.palermo.it\/wp-content\/uploads\/2020\/02\/performance-teatrale-catalano-2-1000x1000.jpg 1000w\" sizes=\"(max-width: 150px) 100vw, 150px\" \/><\/a>\n\t\t\t<\/dt><\/dl><dl class='gallery-item'>\n\t\t\t<dt class='gallery-icon landscape'>\n\t\t\t\t<a href='https:\/\/portalescuola.comune.palermo.it\/wp-content\/uploads\/2020\/02\/performance-teatrale-catalano-3.jpg'><img width=\"150\" height=\"150\" src=\"https:\/\/portalescuola.comune.palermo.it\/wp-content\/uploads\/2020\/02\/performance-teatrale-catalano-3-150x150.jpg\" class=\"attachment-thumbnail size-thumbnail\" alt=\"\" loading=\"lazy\" srcset=\"https:\/\/portalescuola.comune.palermo.it\/wp-content\/uploads\/2020\/02\/performance-teatrale-catalano-3-150x150.jpg 150w, https:\/\/portalescuola.comune.palermo.it\/wp-content\/uploads\/2020\/02\/performance-teatrale-catalano-3-570x570.jpg 570w, https:\/\/portalescuola.comune.palermo.it\/wp-content\/uploads\/2020\/02\/performance-teatrale-catalano-3-500x500.jpg 500w, https:\/\/portalescuola.comune.palermo.it\/wp-content\/uploads\/2020\/02\/performance-teatrale-catalano-3-1000x1000.jpg 1000w\" sizes=\"(max-width: 150px) 100vw, 150px\" \/><\/a>\n\t\t\t<\/dt><\/dl><dl class='gallery-item'>\n\t\t\t<dt class='gallery-icon portrait'>\n\t\t\t\t<a href='https:\/\/portalescuola.comune.palermo.it\/wp-content\/uploads\/2020\/02\/performance-teatrale-catalano-12.jpg'><img width=\"150\" height=\"150\" src=\"https:\/\/portalescuola.comune.palermo.it\/wp-content\/uploads\/2020\/02\/performance-teatrale-catalano-12-150x150.jpg\" class=\"attachment-thumbnail size-thumbnail\" alt=\"\" loading=\"lazy\" srcset=\"https:\/\/portalescuola.comune.palermo.it\/wp-content\/uploads\/2020\/02\/performance-teatrale-catalano-12-150x150.jpg 150w, https:\/\/portalescuola.comune.palermo.it\/wp-content\/uploads\/2020\/02\/performance-teatrale-catalano-12-570x570.jpg 570w, https:\/\/portalescuola.comune.palermo.it\/wp-content\/uploads\/2020\/02\/performance-teatrale-catalano-12-500x500.jpg 500w, https:\/\/portalescuola.comune.palermo.it\/wp-content\/uploads\/2020\/02\/performance-teatrale-catalano-12-1000x1000.jpg 1000w\" sizes=\"(max-width: 150px) 100vw, 150px\" \/><\/a>\n\t\t\t<\/dt><\/dl><br style=\"clear: both\" \/><dl class='gallery-item'>\n\t\t\t<dt class='gallery-icon landscape'>\n\t\t\t\t<a href='https:\/\/portalescuola.comune.palermo.it\/wp-content\/uploads\/2020\/02\/0adc572e-42af-4a9c-a6b4-068d6eb96714.jpg'><img width=\"150\" height=\"150\" src=\"https:\/\/portalescuola.comune.palermo.it\/wp-content\/uploads\/2020\/02\/0adc572e-42af-4a9c-a6b4-068d6eb96714-150x150.jpg\" class=\"attachment-thumbnail size-thumbnail\" alt=\"\" loading=\"lazy\" srcset=\"https:\/\/portalescuola.comune.palermo.it\/wp-content\/uploads\/2020\/02\/0adc572e-42af-4a9c-a6b4-068d6eb96714-150x150.jpg 150w, https:\/\/portalescuola.comune.palermo.it\/wp-content\/uploads\/2020\/02\/0adc572e-42af-4a9c-a6b4-068d6eb96714-570x570.jpg 570w, https:\/\/portalescuola.comune.palermo.it\/wp-content\/uploads\/2020\/02\/0adc572e-42af-4a9c-a6b4-068d6eb96714-500x500.jpg 500w, https:\/\/portalescuola.comune.palermo.it\/wp-content\/uploads\/2020\/02\/0adc572e-42af-4a9c-a6b4-068d6eb96714-1000x1000.jpg 1000w\" sizes=\"(max-width: 150px) 100vw, 150px\" \/><\/a>\n\t\t\t<\/dt><\/dl><dl class='gallery-item'>\n\t\t\t<dt class='gallery-icon portrait'>\n\t\t\t\t<a href='https:\/\/portalescuola.comune.palermo.it\/wp-content\/uploads\/2020\/02\/7841cc04-8116-4b99-8c2f-3f284ac32cc5.jpg'><img width=\"150\" height=\"150\" src=\"https:\/\/portalescuola.comune.palermo.it\/wp-content\/uploads\/2020\/02\/7841cc04-8116-4b99-8c2f-3f284ac32cc5-150x150.jpg\" class=\"attachment-thumbnail size-thumbnail\" alt=\"\" loading=\"lazy\" srcset=\"https:\/\/portalescuola.comune.palermo.it\/wp-content\/uploads\/2020\/02\/7841cc04-8116-4b99-8c2f-3f284ac32cc5-150x150.jpg 150w, https:\/\/portalescuola.comune.palermo.it\/wp-content\/uploads\/2020\/02\/7841cc04-8116-4b99-8c2f-3f284ac32cc5-570x570.jpg 570w, https:\/\/portalescuola.comune.palermo.it\/wp-content\/uploads\/2020\/02\/7841cc04-8116-4b99-8c2f-3f284ac32cc5-500x500.jpg 500w, https:\/\/portalescuola.comune.palermo.it\/wp-content\/uploads\/2020\/02\/7841cc04-8116-4b99-8c2f-3f284ac32cc5-1000x1000.jpg 1000w\" sizes=\"(max-width: 150px) 100vw, 150px\" \/><\/a>\n\t\t\t<\/dt><\/dl><dl class='gallery-item'>\n\t\t\t<dt class='gallery-icon landscape'>\n\t\t\t\t<a href='https:\/\/portalescuola.comune.palermo.it\/wp-content\/uploads\/2020\/02\/b8698c81-a377-4c66-be3b-2ea55467a493.jpg'><img width=\"150\" height=\"150\" src=\"https:\/\/portalescuola.comune.palermo.it\/wp-content\/uploads\/2020\/02\/b8698c81-a377-4c66-be3b-2ea55467a493-150x150.jpg\" class=\"attachment-thumbnail size-thumbnail\" alt=\"\" loading=\"lazy\" srcset=\"https:\/\/portalescuola.comune.palermo.it\/wp-content\/uploads\/2020\/02\/b8698c81-a377-4c66-be3b-2ea55467a493-150x150.jpg 150w, https:\/\/portalescuola.comune.palermo.it\/wp-content\/uploads\/2020\/02\/b8698c81-a377-4c66-be3b-2ea55467a493-570x570.jpg 570w, https:\/\/portalescuola.comune.palermo.it\/wp-content\/uploads\/2020\/02\/b8698c81-a377-4c66-be3b-2ea55467a493-500x500.jpg 500w, https:\/\/portalescuola.comune.palermo.it\/wp-content\/uploads\/2020\/02\/b8698c81-a377-4c66-be3b-2ea55467a493-1000x1000.jpg 1000w\" sizes=\"(max-width: 150px) 100vw, 150px\" \/><\/a>\n\t\t\t<\/dt><\/dl><dl class='gallery-item'>\n\t\t\t<dt class='gallery-icon landscape'>\n\t\t\t\t<a href='https:\/\/portalescuola.comune.palermo.it\/wp-content\/uploads\/2020\/02\/de88063f-ab1a-4649-b35a-00b513df021c.jpg'><img width=\"150\" height=\"150\" src=\"https:\/\/portalescuola.comune.palermo.it\/wp-content\/uploads\/2020\/02\/de88063f-ab1a-4649-b35a-00b513df021c-150x150.jpg\" class=\"attachment-thumbnail size-thumbnail\" alt=\"\" loading=\"lazy\" srcset=\"https:\/\/portalescuola.comune.palermo.it\/wp-content\/uploads\/2020\/02\/de88063f-ab1a-4649-b35a-00b513df021c-150x150.jpg 150w, https:\/\/portalescuola.comune.palermo.it\/wp-content\/uploads\/2020\/02\/de88063f-ab1a-4649-b35a-00b513df021c-570x570.jpg 570w, https:\/\/portalescuola.comune.palermo.it\/wp-content\/uploads\/2020\/02\/de88063f-ab1a-4649-b35a-00b513df021c-500x500.jpg 500w, https:\/\/portalescuola.comune.palermo.it\/wp-content\/uploads\/2020\/02\/de88063f-ab1a-4649-b35a-00b513df021c-1000x1000.jpg 1000w\" sizes=\"(max-width: 150px) 100vw, 150px\" \/><\/a>\n\t\t\t<\/dt><\/dl>\n\t\t\t<br style='clear: both' \/>\n\t\t<\/div>\n\n<p style=\"font-size: 10px; text-align: center;\">foto Arvis<\/p>\n","protected":false},"excerpt":{"rendered":"<p>Si svolger\u00e0 dal 14 al 25 febbraio 2020 la sesta edizione del progetto Educarnival che animer\u00e0 il centro storico ed il suo percorso arabo-normanno con cortei carnascialeschi di carri e costumi, performance musicali, canore e teatrali, laboratori creativi. Il sorprendente successo riscosso in passato dalla&#8230;<\/p>\n","protected":false},"author":1,"featured_media":5303,"comment_status":"closed","ping_status":"closed","sticky":false,"template":"","format":"standard","meta":[],"categories":[41],"tags":[],"_links":{"self":[{"href":"https:\/\/portalescuola.comune.palermo.it\/index.php?rest_route=\/wp\/v2\/posts\/5273"}],"collection":[{"href":"https:\/\/portalescuola.comune.palermo.it\/index.php?rest_route=\/wp\/v2\/posts"}],"about":[{"href":"https:\/\/portalescuola.comune.palermo.it\/index.php?rest_route=\/wp\/v2\/types\/post"}],"author":[{"embeddable":true,"href":"https:\/\/portalescuola.comune.palermo.it\/index.php?rest_route=\/wp\/v2\/users\/1"}],"replies":[{"embeddable":true,"href":"https:\/\/portalescuola.comune.palermo.it\/index.php?rest_route=%2Fwp%2Fv2%2Fcomments&post=5273"}],"version-history":[{"count":20,"href":"https:\/\/portalescuola.comune.palermo.it\/index.php?rest_route=\/wp\/v2\/posts\/5273\/revisions"}],"predecessor-version":[{"id":5470,"href":"https:\/\/portalescuola.comune.palermo.it\/index.php?rest_route=\/wp\/v2\/posts\/5273\/revisions\/5470"}],"wp:featuredmedia":[{"embeddable":true,"href":"https:\/\/portalescuola.comune.palermo.it\/index.php?rest_route=\/wp\/v2\/media\/5303"}],"wp:attachment":[{"href":"https:\/\/portalescuola.comune.palermo.it\/index.php?rest_route=%2Fwp%2Fv2%2Fmedia&parent=5273"}],"wp:term":[{"taxonomy":"category","embeddable":true,"href":"https:\/\/portalescuola.comune.palermo.it\/index.php?rest_route=%2Fwp%2Fv2%2Fcategories&post=5273"},{"taxonomy":"post_tag","embeddable":true,"href":"https:\/\/portalescuola.comune.palermo.it\/index.php?rest_route=%2Fwp%2Fv2%2Ftags&post=5273"}],"curies":[{"name":"wp","href":"https:\/\/api.w.org\/{rel}","templated":true}]}}