{"id":17481,"date":"2026-04-21T12:31:17","date_gmt":"2026-04-21T10:31:17","guid":{"rendered":"https:\/\/portalescuola.comune.palermo.it\/?p=17481"},"modified":"2026-04-21T12:31:17","modified_gmt":"2026-04-21T10:31:17","slug":"sezione-speciale-panomus-la-scuola-adotta-la-citta-xxx-edizione-2026-palermo-apre-le-porte-agli-stranieri","status":"publish","type":"post","link":"https:\/\/portalescuola.comune.palermo.it\/?p=17481","title":{"rendered":"Sezione speciale &#8220;Panomus.\u00a0La Scuola adotta la Citt\u00e0&#8221; XXX edizione 2026 &#8220;Palermo apre le porte agli stranieri&#8221;"},"content":{"rendered":"<div><b><span style=\"font-family: arial, sans-serif;\">\u00a0<\/span><\/b><span style=\"font-family: arial, sans-serif;\">Il Comune\u00a0di\u00a0Palermo,\u00a0<\/span><\/div>\n<div><span style=\"color: #000000; font-family: arial, sans-serif;\">L\u2019edizione del progetto &#8220;Panormus. La Scuola adotta la Citt\u00e0&#8221; di quest\u2019anno si arricchisce anche della proposta progettuale del Liceo Classico Statale \u201cVittorio Emanuele II\u201d e dell\u2019Istituto Comprensivo Statale \u201cMonti Iblei-Vittorio Emanuele Orlando\u201d, relativa alla realizzazione della sezione speciale denominata \u201cPalermo apre le porte agli stranieri\u201d. Detta sezione, che rappresenta un\u2019attivit\u00e0 collaterale, prevede la presa in carico e valorizzazione di monumenti della citt\u00e0 non molto conosciuti dalla comunit\u00e0 locale e che sono presenti anche in altri Paesi esteri, da parte di studenti palermitani e di studenti stranieri in visita-studio a Palermo. A tale scopo il Liceo Classico \u201cVittorio Emanuele II\u201d ha effettuato un gemellaggio con il 15\u00b0 Gel di Kipseli di Atene con l\u2019obiettivo di studiare e valorizzare un elemento monumentale di pregio &#8211; la statua dell\u2019Ammiraglio Kostantinos Kanaris &#8211; presente sia ad Atene, nel quartiere Kipseli, dov\u2019\u00e8 ubicato lo stesso Liceo 15\u00b0 Gel, sia a Palermo, appunto nel Parco \u201cPier Santi Mattarella\u201d. Le attivit\u00e0 didattiche ed espositive sono state realizzate, nei giorni 3 e 4 marzo 2026, dagli studenti del Liceo classico \u201cVittorio Emanuele II\u201d di Palermo, del Liceo del 15\u00b0 Gel di Kipseli \u2013 Atene e dell\u2019I.C.S. \u201cMonti Iblei-Vittorio Emanuele Orlando\u201d di Palermo.<\/span><\/div>\n<a href=\"https:\/\/portalescuola.comune.palermo.it\/wp-content\/uploads\/2026\/04\/INGLESE-BrochureCopia-di-03_PALERMO-APRE-LE-PORTE-AGLI-STRANIERI_compressed.pdf\" class=\"pdfemb-viewer\" style=\"\" data-width=\"max\" data-height=\"max\"  data-toolbar=\"both\" data-toolbar-fixed=\"off\">INGLESE BrochureCopia di 03_PALERMO APRE LE PORTE AGLI STRANIERI_compressed<br\/><\/a>\n<a href=\"https:\/\/portalescuola.comune.palermo.it\/wp-content\/uploads\/2026\/04\/GreciBrochure_Copia-di-03_PALERMO-APRE-LE-PORTE-AGLI-STRANIERI_compressed.pdf\" class=\"pdfemb-viewer\" style=\"\" data-width=\"max\" data-height=\"max\"  data-toolbar=\"both\" data-toolbar-fixed=\"off\">GreciBrochure_Copia di 03_PALERMO APRE LE PORTE AGLI STRANIERI_compressed<br\/><\/a>\n<a href=\"https:\/\/portalescuola.comune.palermo.it\/wp-content\/uploads\/2026\/04\/03Brochure_PALERMO-APRE-LE-PORTE-AGLI-STRANIERI_compressed.pdf\" class=\"pdfemb-viewer\" style=\"\" data-width=\"max\" data-height=\"max\"  data-toolbar=\"both\" data-toolbar-fixed=\"off\">03Brochure_PALERMO APRE LE PORTE AGLI STRANIERI_compressed<br\/><\/a>\n<a href=\"https:\/\/portalescuola.comune.palermo.it\/wp-content\/uploads\/2026\/04\/Locandina-A3.pdf\" class=\"pdfemb-viewer\" style=\"\" data-width=\"max\" data-height=\"max\"  data-toolbar=\"both\" data-toolbar-fixed=\"off\">Locandina A3<br\/><\/a>\n","protected":false},"excerpt":{"rendered":"<p>\u00a0Il Comune\u00a0di\u00a0Palermo,\u00a0 L\u2019edizione del progetto &#8220;Panormus. La Scuola adotta la Citt\u00e0&#8221; di quest\u2019anno si arricchisce anche della proposta progettuale del Liceo Classico Statale \u201cVittorio Emanuele II\u201d e dell\u2019Istituto Comprensivo Statale \u201cMonti Iblei-Vittorio Emanuele Orlando\u201d, relativa alla realizzazione della sezione speciale denominata \u201cPalermo apre le porte&#8230;<\/p>\n","protected":false},"author":1,"featured_media":17486,"comment_status":"open","ping_status":"open","sticky":false,"template":"","format":"standard","meta":[],"categories":[3,826],"tags":[],"_links":{"self":[{"href":"https:\/\/portalescuola.comune.palermo.it\/index.php?rest_route=\/wp\/v2\/posts\/17481"}],"collection":[{"href":"https:\/\/portalescuola.comune.palermo.it\/index.php?rest_route=\/wp\/v2\/posts"}],"about":[{"href":"https:\/\/portalescuola.comune.palermo.it\/index.php?rest_route=\/wp\/v2\/types\/post"}],"author":[{"embeddable":true,"href":"https:\/\/portalescuola.comune.palermo.it\/index.php?rest_route=\/wp\/v2\/users\/1"}],"replies":[{"embeddable":true,"href":"https:\/\/portalescuola.comune.palermo.it\/index.php?rest_route=%2Fwp%2Fv2%2Fcomments&post=17481"}],"version-history":[{"count":1,"href":"https:\/\/portalescuola.comune.palermo.it\/index.php?rest_route=\/wp\/v2\/posts\/17481\/revisions"}],"predecessor-version":[{"id":17487,"href":"https:\/\/portalescuola.comune.palermo.it\/index.php?rest_route=\/wp\/v2\/posts\/17481\/revisions\/17487"}],"wp:featuredmedia":[{"embeddable":true,"href":"https:\/\/portalescuola.comune.palermo.it\/index.php?rest_route=\/wp\/v2\/media\/17486"}],"wp:attachment":[{"href":"https:\/\/portalescuola.comune.palermo.it\/index.php?rest_route=%2Fwp%2Fv2%2Fmedia&parent=17481"}],"wp:term":[{"taxonomy":"category","embeddable":true,"href":"https:\/\/portalescuola.comune.palermo.it\/index.php?rest_route=%2Fwp%2Fv2%2Fcategories&post=17481"},{"taxonomy":"post_tag","embeddable":true,"href":"https:\/\/portalescuola.comune.palermo.it\/index.php?rest_route=%2Fwp%2Fv2%2Ftags&post=17481"}],"curies":[{"name":"wp","href":"https:\/\/api.w.org\/{rel}","templated":true}]}}