{"id":17050,"date":"2025-10-27T16:13:09","date_gmt":"2025-10-27T15:13:09","guid":{"rendered":"https:\/\/portalescuola.comune.palermo.it\/?p=17050"},"modified":"2025-10-27T16:14:02","modified_gmt":"2025-10-27T15:14:02","slug":"report-conclusivo-progetto-panormus-la-scuola-adotta-la-citta-29-edizione-2025","status":"publish","type":"post","link":"https:\/\/portalescuola.comune.palermo.it\/?p=17050","title":{"rendered":"Report conclusivo progetto &#8220;Panormus. La Scuola adotta la Citt\u00e0&#8221; 29^ edizione 2025"},"content":{"rendered":"<p>Il 30 maggio 2025 si \u00e8 svolta la cerimonia di chiusura della 29^ edizione del progetto &#8220;Panormus. La Scuola adotta la Citt\u00e0&#8221;,\u00a0presso la Sala Grande del Teatro Massimo di Palermo,\u00a0 nell\u2019ambito della quale si \u00e8 celebrato \u2013 alla presenza dell\u2019Assessore alla Scuola Aristide Tamajo &#8211; il tradizionale rito della riconsegna delle chiavi della citt\u00e0 da parte degli studenti che, anche quest\u2019anno, sono stati protagonisti di originali e bellissime adozioni. La cerimonia ha lasciato la parola alla magia della musica e del canto corale;\u00a050 alunni della D.D.S. \u201cGarzilli\u201d, insieme a bambini provenienti da altri Istituti comprensivi della citt\u00e0, sono stati diretti dal M\u00b0 di musica Yulia Kodaleva, interpretando 10 canzoni dello Zecchino d&#8217;Oro, ciascuna legata ad uno dei luoghi pi\u00f9 rappresentativi e significativi della citt\u00e0.\u00a0\u00a0La manifestazione, legata al progetto &#8220;Mediterraneamente. Lo\u00a0Zecchino d&#8217;Oro a Palermo&#8221; e\u00a0incardinata all&#8217;interno di &#8220;Panomus.\u00a0La Scuola adotta la Citt\u00e0&#8221;,\u00a0\u00e8 stata realizzata in collaborazione\u00a0con\u00a0l\u2019Assessorato dell\u2019Istruzione e della Formazione professionale della Regione Siciliana e la D.D. \u201cGarzilli\u201d,\u00a0sotto la direzione artistica della Fondazione dell\u2019Antoniano di Bologna.<\/p>\n<p>Qui il li nk per visualizzare e scaricare il report: <a href=\"https:\/\/drive.google.com\/file\/d\/1Tsp8q77gECi1JmhR6E990tJ-stOxFFd9\/view?usp=drive_web\" target=\"_blank\" rel=\"noopener\">https:\/\/drive.google.com\/file\/d\/1Tsp8q77gECi1JmhR6E990tJ-stOxFFd9\/view?usp=drive_web<\/a><\/p>\n","protected":false},"excerpt":{"rendered":"<p>Il 30 maggio 2025 si \u00e8 svolta la cerimonia di chiusura della 29^ edizione del progetto &#8220;Panormus. La Scuola adotta la Citt\u00e0&#8221;,\u00a0presso la Sala Grande del Teatro Massimo di Palermo,\u00a0 nell\u2019ambito della quale si \u00e8 celebrato \u2013 alla presenza dell\u2019Assessore alla Scuola Aristide Tamajo &#8211;&#8230;<\/p>\n","protected":false},"author":30,"featured_media":17051,"comment_status":"open","ping_status":"open","sticky":false,"template":"","format":"standard","meta":[],"categories":[3],"tags":[],"_links":{"self":[{"href":"https:\/\/portalescuola.comune.palermo.it\/index.php?rest_route=\/wp\/v2\/posts\/17050"}],"collection":[{"href":"https:\/\/portalescuola.comune.palermo.it\/index.php?rest_route=\/wp\/v2\/posts"}],"about":[{"href":"https:\/\/portalescuola.comune.palermo.it\/index.php?rest_route=\/wp\/v2\/types\/post"}],"author":[{"embeddable":true,"href":"https:\/\/portalescuola.comune.palermo.it\/index.php?rest_route=\/wp\/v2\/users\/30"}],"replies":[{"embeddable":true,"href":"https:\/\/portalescuola.comune.palermo.it\/index.php?rest_route=%2Fwp%2Fv2%2Fcomments&post=17050"}],"version-history":[{"count":2,"href":"https:\/\/portalescuola.comune.palermo.it\/index.php?rest_route=\/wp\/v2\/posts\/17050\/revisions"}],"predecessor-version":[{"id":17053,"href":"https:\/\/portalescuola.comune.palermo.it\/index.php?rest_route=\/wp\/v2\/posts\/17050\/revisions\/17053"}],"wp:featuredmedia":[{"embeddable":true,"href":"https:\/\/portalescuola.comune.palermo.it\/index.php?rest_route=\/wp\/v2\/media\/17051"}],"wp:attachment":[{"href":"https:\/\/portalescuola.comune.palermo.it\/index.php?rest_route=%2Fwp%2Fv2%2Fmedia&parent=17050"}],"wp:term":[{"taxonomy":"category","embeddable":true,"href":"https:\/\/portalescuola.comune.palermo.it\/index.php?rest_route=%2Fwp%2Fv2%2Fcategories&post=17050"},{"taxonomy":"post_tag","embeddable":true,"href":"https:\/\/portalescuola.comune.palermo.it\/index.php?rest_route=%2Fwp%2Fv2%2Ftags&post=17050"}],"curies":[{"name":"wp","href":"https:\/\/api.w.org\/{rel}","templated":true}]}}