{"id":15973,"date":"2024-09-09T21:20:10","date_gmt":"2024-09-09T19:20:10","guid":{"rendered":"https:\/\/portalescuola.comune.palermo.it\/?p=15973"},"modified":"2024-09-09T21:20:10","modified_gmt":"2024-09-09T19:20:10","slug":"danisinni-torna-ad-avere-il-suo-asilo-nido-comunale-lagalla-e-tamajo-tagliano-il-nastro-e-inizia-la-festa-del-quartiere","status":"publish","type":"post","link":"https:\/\/portalescuola.comune.palermo.it\/?p=15973","title":{"rendered":"Danisinni torna ad avere il suo asilo nido comunale: Lagalla e Tamajo tagliano il nastro e inizia la festa del quartiere"},"content":{"rendered":"<p>Nel giorno dell\u2019avvio dell\u2019anno educativo-scolastico per i servizi comunali 0-6 anni,<strong> il Comune di Palermo inaugura l\u2019asilo nido \u201cGiuliano e Lavinia Galante\u201d a Danisinni<\/strong>.<\/p>\n<p>Questa mattina,<strong> il Sindaco Roberto Lagalla e l\u2019assessore all\u2019Istruzione del Comune di Palermo Aristide Tamajo, insieme alle famiglie, alla parrocchia e alle associazioni che operano nel quartiere,<\/strong> hanno tagliato il nastro della struttura chiusa nel 2007 per via di danni causati da infiltrazioni d\u2019acqua e da allora mai pi\u00f9 riaperta.<\/p>\n<p><strong>I lavori, avviati nel settembre 2022<\/strong>, e realizzati grazie a un finanziamento di 3 milioni di euro (risorse dell\u2019Agenda Urbana PO FESR 2014\/2020 &#8211; Programma Agenda Urbana Palermo-Bagheria, Azione 9.3.1), permettono di consegnare al quartiere un asilo nido all\u2019avanguardia che accoglier\u00e0 bambini e bambine della fascia d\u2019et\u00e0 0-3 anni.<\/p>\n<p>Oltre al consolidamento strutturale, sono stati eseguiti interventi di ristrutturazione interna ed esterna degli ambienti, la realizzazione degli impianti elettrico, idrico-sanitario e fognario, antintrusione, rivelazione fumi, di climatizzazione invernale ed estiva, e di produzione di energia da fonte rinnovabile (con pannelli fotovoltaici montati sul tetto dell\u2019edificio). Il nido, fornito di tutti gli arredi e grandi elettrodomestici, \u00e8 stato dotato anche di una una piattaforma elevatrice idraulica e di un montavivande. In questa prima fase di apertura, al suo interno lavoreranno tre educatrici, quattro ausiliari, un cuoco e un collaboratore amministrativo.<\/p>\n<p><strong>Il progetto della riqualificazione architettonica e degli impianti<\/strong> dell\u2019asilo nido Galante \u00e8 stato redatto da un gruppo di tecnici del Comune di Palermo: gli architetti Onofrio Marco Scarpinato, Maurizio Clausi, Giuseppe Ficalora e Salvatore Moncada; i geometri Marcello Balsamo e Benedetto D&#8217;Amico; e gli ingegneri Giuseppe Franchina e Antonio Mazzon. Un ruolo importante \u00e8 stato ricoperto dall\u2019architetto Roberto Musumeci, oggi in pensione, che durante gli anni di servizio ha svolto la funzione di Rup e ha posto le basi della progettazione del nido.<\/p>\n<p><a href=\"https:\/\/portalescuola.comune.palermo.it\/wp-content\/uploads\/2024\/09\/Progetto-senza-titolo-9.png\"><img loading=\"lazy\" class=\"aligncenter size-large wp-image-15974\" src=\"https:\/\/portalescuola.comune.palermo.it\/wp-content\/uploads\/2024\/09\/Progetto-senza-titolo-9-1024x400.png\" alt=\"\" width=\"1024\" height=\"400\" srcset=\"https:\/\/portalescuola.comune.palermo.it\/wp-content\/uploads\/2024\/09\/Progetto-senza-titolo-9-1024x400.png 1024w, https:\/\/portalescuola.comune.palermo.it\/wp-content\/uploads\/2024\/09\/Progetto-senza-titolo-9-300x117.png 300w, https:\/\/portalescuola.comune.palermo.it\/wp-content\/uploads\/2024\/09\/Progetto-senza-titolo-9-768x300.png 768w, https:\/\/portalescuola.comune.palermo.it\/wp-content\/uploads\/2024\/09\/Progetto-senza-titolo-9-700x273.png 700w, https:\/\/portalescuola.comune.palermo.it\/wp-content\/uploads\/2024\/09\/Progetto-senza-titolo-9.png 1280w\" sizes=\"(max-width: 1024px) 100vw, 1024px\" \/><\/a>Il <strong>progetto riguardante l\u2019adeguamento strutturale dell\u2019edificio alla normativa antisismica<\/strong>, invece, \u00e8 frutto di un <strong>patto di collaborazione pubblico-privato<\/strong>: nel 2021 \u00e8 stato donato al Comune di Palermo dall\u2019ATS \u201cP\u00e0 Maternit\u00e0 Danisinni\u201d che lo ha commissionato all\u2019architetto prof. Santi Rizzo (coadiuvato dall\u2019ingegnere Michele Fabio Granata e dall\u2019architetto Benedetta Fontana) attraverso una campagna di fundraising alla quale hanno aderito la Fondazione con il Sud, Save the Children Italia, la Fondazione Peppino Vismara, la Fondazione Sicilia e la Fondazione Piano Terra.<\/p>\n<p>I lavori sono stati realizzati dall\u2019<strong>impresa agrigentina PAM S.R.L.<\/strong>, e sono stati diretti da un team di architetti e geometri dell\u2019Ufficio di Direzione Lavori del Comune di Palermo composto da Andrea Poerio (direttore dei lavori), Valentina Mancuso (DL strutture), Marcello Balsamo (direttore operativo), Brigitta Sanfilippo (coordinatrice della sicurezza) e Giuseppe Migliore (collaudatore statico).<\/p>\n<p>\u00abDa questo asilo nel quartiere di Danisinni, che riapre alla comunit\u00e0 e alla citt\u00e0, desidero rivolgere il mio augurio per un buon anno scolastico a tutti gli studenti palermitani, alle loro famiglie, al corpo docente e a tutto il personale scolastico. Il percorso che ha portato all\u2019inaugurazione di oggi va avanti dal 2007. Nel 2022, dopo aver ritrovato ancora tutto incompiuto, abbiamo spinto le procedure ferme e oggi lo restituiamo, con soddisfazione ma senza trionfalismi, a una comunit\u00e0 che ne ha bisogno. Lo riapriamo in questo momento per 20 bambini e ci riserviamo nelle prossime settimane di ampliare la capienza e di fare partire le attivit\u00e0 del consultorio al piano terra. La scuola e la sanit\u00e0 sono i pilastri che tengono in piedi una comunit\u00e0 e su questo abbiamo voluto premere sull\u2019acceleratore. Per questa ragione, ringrazio l\u2019assessore all\u2019Istruzione Tamajo e i suoi uffici e fra Mauro Billetta per il suo costante e instancabile impegno di sentinella nel quartiere e al servizio del sociale e per aver sempre e giustamente pressato l\u2019amministrazione per arrivare a questo traguardo, che per noi rappresenta comunque un punto di partenza\u00bb. <strong>Lo ha dichiarato il Sindaco Roberto Lagalla\u00a0<\/strong>nel corso del suo intervento.<\/p>\n<p><a href=\"https:\/\/portalescuola.comune.palermo.it\/wp-content\/uploads\/2024\/09\/Progetto-senza-titolo-10.png\"><img loading=\"lazy\" class=\"aligncenter size-large wp-image-15976\" src=\"https:\/\/portalescuola.comune.palermo.it\/wp-content\/uploads\/2024\/09\/Progetto-senza-titolo-10-1024x400.png\" alt=\"\" width=\"1024\" height=\"400\" srcset=\"https:\/\/portalescuola.comune.palermo.it\/wp-content\/uploads\/2024\/09\/Progetto-senza-titolo-10-1024x400.png 1024w, https:\/\/portalescuola.comune.palermo.it\/wp-content\/uploads\/2024\/09\/Progetto-senza-titolo-10-300x117.png 300w, https:\/\/portalescuola.comune.palermo.it\/wp-content\/uploads\/2024\/09\/Progetto-senza-titolo-10-768x300.png 768w, https:\/\/portalescuola.comune.palermo.it\/wp-content\/uploads\/2024\/09\/Progetto-senza-titolo-10-700x273.png 700w, https:\/\/portalescuola.comune.palermo.it\/wp-content\/uploads\/2024\/09\/Progetto-senza-titolo-10.png 1280w\" sizes=\"(max-width: 1024px) 100vw, 1024px\" \/><\/a><\/p>\n<p>\u00abDopo tanto impegno e con grande gioia oggi inauguriamo il nuovo asilo nido di Danisinni, un tassello fondamentale in un mosaico pi\u00f9 ampio legato ai servizi educativi per l\u2019infanzia di cui Palermo ha estremamente bisogno. La tappa di oggi si inserisce in un piano pi\u00f9 vasto per la nostra citt\u00e0 che nei prossimi anni vedr\u00e0 sorgere numerose strutture per i bambini: sono gi\u00e0 aperti i cantieri per la realizzazione di nuovi asili nido all\u2019Arenella, allo Sperone (sia in via Laudicina che in via XXVII maggio), a Cardillo, allo Zen 2 e in viale Michelangelo; siamo a lavoro anche a Borgo Nuovo e in via Sampolo, dove stiamo realizzando due scuole dell\u2019infanzia, e a Tommaso Natale, dove apriremo un nido e uno spazio gioco. Sono invece in fase di progettazione, ma gi\u00e0 finanziati, altri sette asili nido che sorgeranno nei quartieri Partanna-Mondello, Borgo Vecchio, Cep, Borgo Nuovo, Brancaccio, via Lanza di Scalea, via Paruta e via Altofonte \u00bb, <strong>ha dichiarato Aristide Tamajo, assessore comunale all\u2019Istruzione.<\/strong> \u00abOltre a ringraziare tutte le persone che &#8211; a vario titolo &#8211; si sono battute e hanno lavorato per restituire un nido al quartiere Danisinni, ci tengo ad augurare buon inizio d\u2019anno a tutti i piccoli iscritti che frequenteranno i servizi educativi comunali. Gli asili nido e le scuole dell&#8217;infanzia rappresentano un investimento fondamentale per il futuro dei bambini e un grande sostegno per le famiglie. Ringrazio tutti coloro che lavorano nelle nostre strutture creando ambienti sicuri e accoglienti, e anche a loro auguro un buon inizio d\u2019anno\u00bb, ha concluso Tamajo.<\/p>\n<p>Nel corso dell\u2019inaugurazione il Sindaco Lagalla e l\u2019assessore Tamajo hanno ricordato l&#8217;ingegnere <strong>Gaetano Russo, funzionario degli uffici dell\u2019Edilizia scolastica e Rup per la costruzione del nido<\/strong>, scomparso prematuramente pochi mesi fa a causa di un male incurabile. \u00abPer la nostra Amministrazione Gaetano Russo ha rappresentato un esempio di abnegazione, lavorando con impegno e seriet\u00e0 fino a quando le forze non lo hanno abbandonato; in questa giornata di festa vogliamo ringraziarlo e fare arrivare nuovamente il nostro pensiero alla famiglia e ai suoi cari\u00bb.<\/p>\n<h3>Cenni storici sul nido<\/h3>\n<p>Realizzato tra il 1958 e il 1960 su progetto dell\u2019architetto Nino Vicari e dell\u2019ingegnere Salvatore Prescia, l&#8217;asilo nido di piazza Danisinni sorse grazie alla generosit\u00e0 dell&#8217;imprenditore e filantropo palermitano Luigi Biondo su un terreno messo a disposizione dal Comune di Palermo. Con un&#8217;opera di beneficenza, Biondo don\u00f2 questo spazio dedicato ai pi\u00f9 piccoli all&#8217;Opera Nazionale Maternit\u00e0 e Infanzia (ONMI), con l&#8217;obiettivo di contrastare la povert\u00e0 educativa in uno dei quartieri pi\u00f9 svantaggiati di Palermo. Inaugurato nel 1960 e intitolato &#8220;Casa della Madre e del Bambino Luigi Biondo&#8221;, l&#8217;asilo fu gestito dall&#8217;ONMI fino al 1975, anno della soppressione dell&#8217;ente. In seguito, la struttura pass\u00f2 sotto la gestione del Comune e fu dedicata a Giuliano e Lavinia Galante, figli della deputata e illustre psicologa prof. Gigliola Lo Cascio e del giornalista Giacomo. Nel 1989 l\u2019intera famiglia perse la vita in un incidente aereo a Cuba.<\/p>\n<p>Negli anni, l&#8217;asilo ha affrontato diverse chiusure per lavori di ristrutturazione e adeguamento, l&#8217;ultima delle quali risale al 2007.<\/p>\n<p>&nbsp;<\/p>\n<p><a href=\"https:\/\/portalescuola.comune.palermo.it\/wp-content\/uploads\/2024\/09\/Progetto-senza-titolo-12.png\"><img loading=\"lazy\" class=\"aligncenter size-large wp-image-15980\" src=\"https:\/\/portalescuola.comune.palermo.it\/wp-content\/uploads\/2024\/09\/Progetto-senza-titolo-12-1024x400.png\" alt=\"\" width=\"1024\" height=\"400\" srcset=\"https:\/\/portalescuola.comune.palermo.it\/wp-content\/uploads\/2024\/09\/Progetto-senza-titolo-12-1024x400.png 1024w, https:\/\/portalescuola.comune.palermo.it\/wp-content\/uploads\/2024\/09\/Progetto-senza-titolo-12-300x117.png 300w, https:\/\/portalescuola.comune.palermo.it\/wp-content\/uploads\/2024\/09\/Progetto-senza-titolo-12-768x300.png 768w, https:\/\/portalescuola.comune.palermo.it\/wp-content\/uploads\/2024\/09\/Progetto-senza-titolo-12-700x273.png 700w, https:\/\/portalescuola.comune.palermo.it\/wp-content\/uploads\/2024\/09\/Progetto-senza-titolo-12.png 1280w\" sizes=\"(max-width: 1024px) 100vw, 1024px\" \/><\/a><\/p>\n<p>&nbsp;<\/p>\n","protected":false},"excerpt":{"rendered":"<p>Nel giorno dell\u2019avvio dell\u2019anno educativo-scolastico per i servizi comunali 0-6 anni, il Comune di Palermo inaugura l\u2019asilo nido \u201cGiuliano e Lavinia Galante\u201d a Danisinni. Questa mattina, il Sindaco Roberto Lagalla e l\u2019assessore all\u2019Istruzione del Comune di Palermo Aristide Tamajo, insieme alle famiglie, alla parrocchia e&#8230;<\/p>\n","protected":false},"author":30,"featured_media":15978,"comment_status":"open","ping_status":"open","sticky":false,"template":"","format":"standard","meta":[],"categories":[3],"tags":[601,680],"_links":{"self":[{"href":"https:\/\/portalescuola.comune.palermo.it\/index.php?rest_route=\/wp\/v2\/posts\/15973"}],"collection":[{"href":"https:\/\/portalescuola.comune.palermo.it\/index.php?rest_route=\/wp\/v2\/posts"}],"about":[{"href":"https:\/\/portalescuola.comune.palermo.it\/index.php?rest_route=\/wp\/v2\/types\/post"}],"author":[{"embeddable":true,"href":"https:\/\/portalescuola.comune.palermo.it\/index.php?rest_route=\/wp\/v2\/users\/30"}],"replies":[{"embeddable":true,"href":"https:\/\/portalescuola.comune.palermo.it\/index.php?rest_route=%2Fwp%2Fv2%2Fcomments&post=15973"}],"version-history":[{"count":6,"href":"https:\/\/portalescuola.comune.palermo.it\/index.php?rest_route=\/wp\/v2\/posts\/15973\/revisions"}],"predecessor-version":[{"id":15984,"href":"https:\/\/portalescuola.comune.palermo.it\/index.php?rest_route=\/wp\/v2\/posts\/15973\/revisions\/15984"}],"wp:featuredmedia":[{"embeddable":true,"href":"https:\/\/portalescuola.comune.palermo.it\/index.php?rest_route=\/wp\/v2\/media\/15978"}],"wp:attachment":[{"href":"https:\/\/portalescuola.comune.palermo.it\/index.php?rest_route=%2Fwp%2Fv2%2Fmedia&parent=15973"}],"wp:term":[{"taxonomy":"category","embeddable":true,"href":"https:\/\/portalescuola.comune.palermo.it\/index.php?rest_route=%2Fwp%2Fv2%2Fcategories&post=15973"},{"taxonomy":"post_tag","embeddable":true,"href":"https:\/\/portalescuola.comune.palermo.it\/index.php?rest_route=%2Fwp%2Fv2%2Ftags&post=15973"}],"curies":[{"name":"wp","href":"https:\/\/api.w.org\/{rel}","templated":true}]}}