{"id":11483,"date":"2022-01-12T20:45:33","date_gmt":"2022-01-12T19:45:33","guid":{"rendered":"https:\/\/portalescuola.comune.palermo.it\/?p=11483"},"modified":"2022-01-12T20:53:18","modified_gmt":"2022-01-12T19:53:18","slug":"palermo-servizi-educativi-e-istituti-scolastici-chiusi-fino-a-domenica","status":"publish","type":"post","link":"https:\/\/portalescuola.comune.palermo.it\/?p=11483","title":{"rendered":"PALERMO: SERVIZI EDUCATIVI E ISTITUTI SCOLASTICI CHIUSI FINO A DOMENICA"},"content":{"rendered":"<p>I servizi educativi e gli istituti scolastici del Comune di Palermo,<strong> di ogni ordine e grado, pubblici e privati<\/strong>, resteranno chiusi fino a domenica <strong>16 gennaio 2022<\/strong>.<\/p>\n<p>Alle dirigenti e ai dirigenti scolastici, la responsabilit\u00e0 di stabilire le modalit\u00e0 e le condizioni per l\u2019applicazione della <strong>didattica a distanza <\/strong>nel corso di questi giorni.<\/p>\n<p>La decisione \u00e8 stata presa nel tardo pomeriggio, durante una riunione di emergenza dell\u2019<strong>ANCI Sicilia<\/strong> (l\u2019associazione nazionale dei comuni italiani) presieduta da Leoluca Orlando, durante la quale numerosi sindaci dell&#8217;isola si sono espressi <a href=\"https:\/\/www.anci.sicilia.it\/esito-della-task-force-del-governo-regionale-sul-rientro-a-scuola-in-presenza-previsto-per-domani-anci-sicilia-chiamiamo-tutti-alle-proprie-responsabilita-ma-siamo-fortemente-preoccupati\/\">contro la valutazione della task force regionale<\/a> che, di contro, aveva disposto il ritorno in classe domani mattina, gioved\u00ec 13.<\/p>\n<p>Ad oggi, secondo i dati diffusi, si \u00e8 registrato un<strong> allarmante e quotidiano incremento<\/strong> dei cittadini risultati <strong>positivi<\/strong> al <strong>Covid-19<\/strong>, con una preoccupante saturazione dei posti disponibili presso le strutture sanitarie.<\/p>\n<p class=\"western\" align=\"justify\">A questo, per\u00f2, non corrisponde la concreta possibilit\u00e0 di effettuare gratuitamente i test antigenici rapidi per la popolazione scolastica, anche alla prima comparsa dei sintomi.<\/p>\n<p>\u00abVista la situazione in cui ci troviamo, con il quadro epidemiologico attuale, solo attraverso un tracciamento a tappeto dedicato al mondo della scuola, si potr\u00e0 garantire un ritorno in classe sicuro. Servono screening e mascherine Ffp2 gratuiti per tutte e tutti\u00bb. <strong>Lo dichiara Leoluca Orlando, sindaco del Comune di Palermo<\/strong>. \u00abIn caso contrario, le strutture diventeranno un luogo di contagio, soprattutto gli asili nido e le scuole dell&#8217;infanzia, che sono frequentati principalmente da bambini e bambine non vaccinabili, senza mascherina, e che stanno a stretto contatto tra loro\u00bb.<\/p>\n<p>\u00abI contagi tra bambini e studenti, nel corso delle ultime settimane, sono aumentati &#8211;<strong> ha aggiunto l&#8217;assessora alla Scuola Giovanna Marano<\/strong> &#8211; anche a causa della diffusione della variante Omicron; cos\u00ec come sono aumentati i ricoveri tra i pi\u00f9 piccoli. \u00c8 vero che in media bambine e bambini prendono il Covid in modo pi\u00f9 leggero, ma possono sempre insorgere delle complicanze; abbiamo il dovere di prendere misure di prevenzione per proteggere loro e loro famiglie\u00bb.<\/p>\n","protected":false},"excerpt":{"rendered":"<p>I servizi educativi e gli istituti scolastici del Comune di Palermo, di ogni ordine e grado, pubblici e privati, resteranno chiusi fino a domenica 16 gennaio 2022. Alle dirigenti e ai dirigenti scolastici, la responsabilit\u00e0 di stabilire le modalit\u00e0 e le condizioni per l\u2019applicazione della&#8230;<\/p>\n","protected":false},"author":30,"featured_media":11484,"comment_status":"closed","ping_status":"closed","sticky":false,"template":"","format":"standard","meta":[],"categories":[3,1],"tags":[411,403,409,50,410],"_links":{"self":[{"href":"https:\/\/portalescuola.comune.palermo.it\/index.php?rest_route=\/wp\/v2\/posts\/11483"}],"collection":[{"href":"https:\/\/portalescuola.comune.palermo.it\/index.php?rest_route=\/wp\/v2\/posts"}],"about":[{"href":"https:\/\/portalescuola.comune.palermo.it\/index.php?rest_route=\/wp\/v2\/types\/post"}],"author":[{"embeddable":true,"href":"https:\/\/portalescuola.comune.palermo.it\/index.php?rest_route=\/wp\/v2\/users\/30"}],"replies":[{"embeddable":true,"href":"https:\/\/portalescuola.comune.palermo.it\/index.php?rest_route=%2Fwp%2Fv2%2Fcomments&post=11483"}],"version-history":[{"count":11,"href":"https:\/\/portalescuola.comune.palermo.it\/index.php?rest_route=\/wp\/v2\/posts\/11483\/revisions"}],"predecessor-version":[{"id":11496,"href":"https:\/\/portalescuola.comune.palermo.it\/index.php?rest_route=\/wp\/v2\/posts\/11483\/revisions\/11496"}],"wp:featuredmedia":[{"embeddable":true,"href":"https:\/\/portalescuola.comune.palermo.it\/index.php?rest_route=\/wp\/v2\/media\/11484"}],"wp:attachment":[{"href":"https:\/\/portalescuola.comune.palermo.it\/index.php?rest_route=%2Fwp%2Fv2%2Fmedia&parent=11483"}],"wp:term":[{"taxonomy":"category","embeddable":true,"href":"https:\/\/portalescuola.comune.palermo.it\/index.php?rest_route=%2Fwp%2Fv2%2Fcategories&post=11483"},{"taxonomy":"post_tag","embeddable":true,"href":"https:\/\/portalescuola.comune.palermo.it\/index.php?rest_route=%2Fwp%2Fv2%2Ftags&post=11483"}],"curies":[{"name":"wp","href":"https:\/\/api.w.org\/{rel}","templated":true}]}}