{"id":11266,"date":"2021-12-10T15:31:04","date_gmt":"2021-12-10T14:31:04","guid":{"rendered":"https:\/\/portalescuola.comune.palermo.it\/?p=11266"},"modified":"2021-12-10T15:31:56","modified_gmt":"2021-12-10T14:31:56","slug":"giornata-internazionale-dei-diritti-delluomo-il-sindaco-e-lassessora-marano-incontrano-gli-studenti-del-cpia-nelson-mandela","status":"publish","type":"post","link":"https:\/\/portalescuola.comune.palermo.it\/?p=11266","title":{"rendered":"GIORNATA INTERNAZIONALE DEI DIRITTI DELL&#8217;UOMO &#8211; IL SINDACO E L&#8217;ASSESSORA MARANO INCONTRANO GLI STUDENTI DEL CPIA &#8220;NELSON MANDELA&#8221;"},"content":{"rendered":"<p>Questa mattina, in occasione della <strong>Giornata internazionale dei diritti dell&#8217;uomo<\/strong>, l&#8217;assessora alla Scuola, al Lavoro e alla Parit\u00e0 di genere Giovanna Marano e il sindaco Leoluca Orlando, hanno incontrato gli studenti e le studentesse del Centro provinciale per l\u2019Istruzione degli adulti, <strong>Cpia<\/strong>, \u201c<strong>Nelson Mandela<\/strong>\u201d che dall&#8217;inizio dell&#8217;anno scolastico, dopo alcuni lavori di riqualificazione, ha l&#8217;utilizzo esclusivo del plesso &#8220;Ievolella&#8221;.<\/p>\n<p><a href=\"https:\/\/portalescuola.comune.palermo.it\/wp-content\/uploads\/2021\/12\/10122021122728-scaled.jpg\"><img loading=\"lazy\" class=\" wp-image-11268 aligncenter\" src=\"https:\/\/portalescuola.comune.palermo.it\/wp-content\/uploads\/2021\/12\/10122021122728-300x146.jpg\" alt=\"\" width=\"382\" height=\"186\" srcset=\"https:\/\/portalescuola.comune.palermo.it\/wp-content\/uploads\/2021\/12\/10122021122728-300x146.jpg 300w, https:\/\/portalescuola.comune.palermo.it\/wp-content\/uploads\/2021\/12\/10122021122728-1024x498.jpg 1024w, https:\/\/portalescuola.comune.palermo.it\/wp-content\/uploads\/2021\/12\/10122021122728-768x373.jpg 768w, https:\/\/portalescuola.comune.palermo.it\/wp-content\/uploads\/2021\/12\/10122021122728-1536x747.jpg 1536w, https:\/\/portalescuola.comune.palermo.it\/wp-content\/uploads\/2021\/12\/10122021122728-2048x996.jpg 2048w, https:\/\/portalescuola.comune.palermo.it\/wp-content\/uploads\/2021\/12\/10122021122728-700x340.jpg 700w, https:\/\/portalescuola.comune.palermo.it\/wp-content\/uploads\/2021\/12\/10122021122728-228x111.jpg 228w\" sizes=\"(max-width: 382px) 100vw, 382px\" \/><\/a><\/p>\n<p>\u00abOggi celebriamo la Giornata internazionale dei diritti dell&#8217;uomo \u2013 ha dichiarato il <strong>sindaco\u00a0<\/strong>&#8211; ricordiamo la nascita della dichiarazione universale dei diritti umani e lo facciamo in un luogo speciale, modello della citt\u00e0: il Cpia Nelson Mandela che rivive in una struttura pi\u00f9 accogliente, dotata di innovativi strumenti digitali. Il Cpia Nelson Mandela \u00e8 luogo di incontro tra persone che vengono da varie parti del mondo e che si riconoscono nella dimensione comunitaria della citt\u00e0 di Palermo. Apprendendo la lingua italiana vivono la dimensione di cittadini di questa citt\u00e0. Questo luogo \u00e8 esempio di come si possa essere liberi dalla paura e per essere liberi dalla paura bisogna avere cura di noi stessi e degli altri. Voglio esprimere gratitudine e apprezzamento a coloro che hanno contribuito a realizzare questo modello, esempio importante in tutta Italia, che ci insegna come sia possibile essere diversi ed essere uguali, come sia fondamentale coltivare il diritto alla libert\u00e0 di ogni essere umano. E&#8217; questo il motivo di orgoglio di Palermo e rivolgo un augurio a tutte le scuole della citt\u00e0 affinch\u00e9 continuino su questo percorso traendo anche da questa esperienza motivi di riflessione e di progetti di futuro\u00bb.<\/p>\n<p>\u00abEssere qui presenti \u2013 ha sottolineato l\u2019assessora <strong>Marano\u00a0<\/strong>&#8211; \u00e8 motivo d&#8217;orgoglio e d&#8217;emozione. Finalmente la scuola-plesso &#8220;Ievolella&#8221; \u00e8 diventata definitivamente la sede del Cpia Nelson Mandela di Palermo. Da qui \u00e8 partita la scuola aperta, la possibilit\u00e0 di entrare in sinergia col privato sociale che hanno fatto di questa scuola, del meraviglioso giardino su via Dante, una comunit\u00e0 sportiva del territorio, un prezioso punto di riferimento. Oggi celebriamo la Giornata internazionale dei diritti dell&#8217;uomo, la nascita della dichiarazione universale dei diritti umani che purtroppo vengono violati ogni giorno. Il nostro impegno deve essere costante a tutela di tutti i diritti e questo istituto, in tal senso, rappresenta un importante avamposto\u00bb.<\/p>\n<p><a href=\"https:\/\/portalescuola.comune.palermo.it\/wp-content\/uploads\/2021\/12\/10122021122706-scaled.jpg\"><img loading=\"lazy\" class=\"size-medium wp-image-11269 aligncenter\" src=\"https:\/\/portalescuola.comune.palermo.it\/wp-content\/uploads\/2021\/12\/10122021122706-300x146.jpg\" alt=\"\" width=\"300\" height=\"146\" srcset=\"https:\/\/portalescuola.comune.palermo.it\/wp-content\/uploads\/2021\/12\/10122021122706-300x146.jpg 300w, https:\/\/portalescuola.comune.palermo.it\/wp-content\/uploads\/2021\/12\/10122021122706-1024x498.jpg 1024w, https:\/\/portalescuola.comune.palermo.it\/wp-content\/uploads\/2021\/12\/10122021122706-768x373.jpg 768w, https:\/\/portalescuola.comune.palermo.it\/wp-content\/uploads\/2021\/12\/10122021122706-1536x747.jpg 1536w, https:\/\/portalescuola.comune.palermo.it\/wp-content\/uploads\/2021\/12\/10122021122706-2048x996.jpg 2048w, https:\/\/portalescuola.comune.palermo.it\/wp-content\/uploads\/2021\/12\/10122021122706-700x340.jpg 700w, https:\/\/portalescuola.comune.palermo.it\/wp-content\/uploads\/2021\/12\/10122021122706-228x111.jpg 228w\" sizes=\"(max-width: 300px) 100vw, 300px\" \/><\/a><\/p>\n","protected":false},"excerpt":{"rendered":"<p>Questa mattina, in occasione della Giornata internazionale dei diritti dell&#8217;uomo, l&#8217;assessora alla Scuola, al Lavoro e alla Parit\u00e0 di genere Giovanna Marano e il sindaco Leoluca Orlando, hanno incontrato gli studenti e le studentesse del Centro provinciale per l\u2019Istruzione degli adulti, Cpia, \u201cNelson Mandela\u201d che&#8230;<\/p>\n","protected":false},"author":30,"featured_media":11270,"comment_status":"closed","ping_status":"closed","sticky":false,"template":"","format":"standard","meta":[],"categories":[3],"tags":[263,387,260,143,388],"_links":{"self":[{"href":"https:\/\/portalescuola.comune.palermo.it\/index.php?rest_route=\/wp\/v2\/posts\/11266"}],"collection":[{"href":"https:\/\/portalescuola.comune.palermo.it\/index.php?rest_route=\/wp\/v2\/posts"}],"about":[{"href":"https:\/\/portalescuola.comune.palermo.it\/index.php?rest_route=\/wp\/v2\/types\/post"}],"author":[{"embeddable":true,"href":"https:\/\/portalescuola.comune.palermo.it\/index.php?rest_route=\/wp\/v2\/users\/30"}],"replies":[{"embeddable":true,"href":"https:\/\/portalescuola.comune.palermo.it\/index.php?rest_route=%2Fwp%2Fv2%2Fcomments&post=11266"}],"version-history":[{"count":2,"href":"https:\/\/portalescuola.comune.palermo.it\/index.php?rest_route=\/wp\/v2\/posts\/11266\/revisions"}],"predecessor-version":[{"id":11272,"href":"https:\/\/portalescuola.comune.palermo.it\/index.php?rest_route=\/wp\/v2\/posts\/11266\/revisions\/11272"}],"wp:featuredmedia":[{"embeddable":true,"href":"https:\/\/portalescuola.comune.palermo.it\/index.php?rest_route=\/wp\/v2\/media\/11270"}],"wp:attachment":[{"href":"https:\/\/portalescuola.comune.palermo.it\/index.php?rest_route=%2Fwp%2Fv2%2Fmedia&parent=11266"}],"wp:term":[{"taxonomy":"category","embeddable":true,"href":"https:\/\/portalescuola.comune.palermo.it\/index.php?rest_route=%2Fwp%2Fv2%2Fcategories&post=11266"},{"taxonomy":"post_tag","embeddable":true,"href":"https:\/\/portalescuola.comune.palermo.it\/index.php?rest_route=%2Fwp%2Fv2%2Ftags&post=11266"}],"curies":[{"name":"wp","href":"https:\/\/api.w.org\/{rel}","templated":true}]}}