{"id":11019,"date":"2021-11-25T19:02:29","date_gmt":"2021-11-25T18:02:29","guid":{"rendered":"https:\/\/portalescuola.comune.palermo.it\/?p=11019"},"modified":"2021-11-25T19:02:52","modified_gmt":"2021-11-25T18:02:52","slug":"25-novembre-incontro-sul-tema-violenza-sulle-donne-ri-partiamo-dalla-scuola-marano-per-prevenire-la-violenza-educare-allaffettivita-a-partire-dai-piu-piccoli","status":"publish","type":"post","link":"https:\/\/portalescuola.comune.palermo.it\/?p=11019","title":{"rendered":"25 novembre, incontro sul tema &#8216;Violenza sulle donne, ri&#8230;partiamo dalla scuola&#8217;. Marano: &#8220;Per prevenire la violenza educare all&#8217;affettivit\u00e0 a partire dai pi\u00f9 piccoli&#8221;"},"content":{"rendered":"<div dir=\"ltr\">Oggi, come ogni 25 novembre, a livello internazionale si celebra la <strong>giornata per l\u2019eliminazione della violenza contro le donne<\/strong>, istituita dall&#8217;Assemblea generale delle Nazioni Unite nel 1999.<\/div>\n<div dir=\"ltr\"><\/div>\n<div dir=\"ltr\">Perch\u00e9 proprio il <strong>25 novembre<\/strong>? La scelta cadde su questa data per ricordare Patria, Minerva e Mar\u00eda Teresa Mirabal, soprannominate Las Mariposas (Le farfalle). Le tre sorelle, attiviste politiche della Repubblica Dominicana e militanti del gruppo Movimento 14 giugno furono brutalmente assassinate a Santo Domingo il 25 novembre 1960, su ordine del dittatore Rafael Trujillo, per mano degli agenti della polizia militare.<\/div>\n<div dir=\"ltr\"><\/div>\n<div dir=\"ltr\">A distanza di sessantuno anni da quel delitto simbolico, in Italia, ogni tre giorni, una donna viene uccisa per mano di un uomo. Nel sessanta per cento dei casi si tratta del partner attuale o dell\u2019ex. Il 31,5% delle 16-77enni nel nostro paese ha subito una qualche forma di violenza fisica o sessuale nel corso della sua vita.<\/div>\n<div dir=\"ltr\"><\/div>\n<div dir=\"ltr\">I numeri parlano chiaro. Non si tratta di un\u2019emergenza, di episodi sporadici e sconnessi tra loro. Siamo di fronte a un problema sistemico e strutturale, frutto della cultura maschilista in cui siamo immersi che porta a considerare le donne come oggetti da possedere e controllare, o corpi da mercificare.<\/div>\n<div dir=\"ltr\"><\/div>\n<div dir=\"ltr\">Tra gli eventi che hanno animato questa giornata a Palermo c\u2019\u00e8 stata anche la tavola rotonda \u201c<strong>Violenza sulle donne ri&#8230;partiamo dalla scuola<\/strong>\u201d, organizzata dall\u2019associazione <strong>Crocerossine d\u2019Italia<\/strong> e ospitata nella sede della <strong>fondazione Giuseppe e Marzio Tricoli<\/strong>.<\/div>\n<div dir=\"ltr\"><\/div>\n<div dir=\"ltr\">All\u2019incontro, introdotto e moderato dall\u2019avvocata <strong>Marina Vajana<\/strong>, sono intervenute donne della societ\u00e0 civile, rappresentanti delle istituzioni, insegnanti, giornaliste e scrittrici, che hanno riflettuto insieme sulla necessit\u00e0 di un cambiamento strutturale della societ\u00e0, partendo dalla scuola e dai pi\u00f9 piccoli.<a href=\"https:\/\/portalescuola.comune.palermo.it\/wp-content\/uploads\/2021\/11\/PHOTO-2021-11-25-18-41-09.jpg\"><img loading=\"lazy\" class=\"size-medium wp-image-11021 alignright\" src=\"https:\/\/portalescuola.comune.palermo.it\/wp-content\/uploads\/2021\/11\/PHOTO-2021-11-25-18-41-09-225x300.jpg\" alt=\"\" width=\"225\" height=\"300\" srcset=\"https:\/\/portalescuola.comune.palermo.it\/wp-content\/uploads\/2021\/11\/PHOTO-2021-11-25-18-41-09-225x300.jpg 225w, https:\/\/portalescuola.comune.palermo.it\/wp-content\/uploads\/2021\/11\/PHOTO-2021-11-25-18-41-09-768x1024.jpg 768w, https:\/\/portalescuola.comune.palermo.it\/wp-content\/uploads\/2021\/11\/PHOTO-2021-11-25-18-41-09-1152x1536.jpg 1152w, https:\/\/portalescuola.comune.palermo.it\/wp-content\/uploads\/2021\/11\/PHOTO-2021-11-25-18-41-09-600x800.jpg 600w, https:\/\/portalescuola.comune.palermo.it\/wp-content\/uploads\/2021\/11\/PHOTO-2021-11-25-18-41-09-700x933.jpg 700w, https:\/\/portalescuola.comune.palermo.it\/wp-content\/uploads\/2021\/11\/PHOTO-2021-11-25-18-41-09.jpg 1512w\" sizes=\"(max-width: 225px) 100vw, 225px\" \/><\/a><\/div>\n<div dir=\"ltr\"><\/div>\n<div dir=\"ltr\"><strong>Giovanna Marano<\/strong>, <strong>assessora alla Scuola e alle Pari opportunit\u00e0 del Comune di Palermo<\/strong> \u00e8 intervenuta confrontandosi con un gruppo di studentesse e studenti del Regina Margherita.<\/div>\n<div dir=\"ltr\">\u00abLa cultura patriarcale ci attraversa. Attraversa anche noi donne. Come facciamo a non fare attraversare le generazioni future? Attraverso la prevenzione, attraverso coordinate completamente differenti rispetto a quelle con cui ci siamo regolati finora. Rivolgerci alle scuole \u00e8 il modo pi\u00f9 appropriato per avviare questo percorso: partire dalle educatrici e dalle insegnanti per strutturare tra i pi\u00f9 piccoli una cultura della condivisione, un\u2019educazione dell\u2019affettivit\u00e0, un\u2019educazione al rispetto e alla non violenza. Il cambio di passo lo dobbiamo fare tutte e tutti insieme. Cambiare la narrazione nei media, nelle scuole, nei luoghi di lavoro e in famiglia. Dopo il 25 novembre, nelle settimane, nei mesi a seguire\u00bb.<\/div>\n<div dir=\"ltr\"><\/div>\n<div dir=\"ltr\">Nella stessa direzione anche l\u2019intervento di <strong>Annamaria Picozzi<\/strong>, Procuratrice aggiunta presso il <strong>tribunale di Palermo<\/strong> e consulente della <strong>commissione parlamentare di inchiesta sul femminicidio<\/strong>. \u00abNon basta aumentare le pene per far s\u00ec che i reati diminuiscano. Questa correlazione non c\u2019\u00e8. Bisogna partire dal cambiamento della cultura patriarcale, maschista e machista in cui viviamo e a cui gli uomini non vogliono rinunciare\u00bb.<\/div>\n","protected":false},"excerpt":{"rendered":"<p>Oggi, come ogni 25 novembre, a livello internazionale si celebra la giornata per l\u2019eliminazione della violenza contro le donne, istituita dall&#8217;Assemblea generale delle Nazioni Unite nel 1999. Perch\u00e9 proprio il 25 novembre? La scelta cadde su questa data per ricordare Patria, Minerva e Mar\u00eda Teresa&#8230;<\/p>\n","protected":false},"author":30,"featured_media":11020,"comment_status":"closed","ping_status":"closed","sticky":false,"template":"","format":"standard","meta":[],"categories":[3,1],"tags":[385,66,260,67,127],"_links":{"self":[{"href":"https:\/\/portalescuola.comune.palermo.it\/index.php?rest_route=\/wp\/v2\/posts\/11019"}],"collection":[{"href":"https:\/\/portalescuola.comune.palermo.it\/index.php?rest_route=\/wp\/v2\/posts"}],"about":[{"href":"https:\/\/portalescuola.comune.palermo.it\/index.php?rest_route=\/wp\/v2\/types\/post"}],"author":[{"embeddable":true,"href":"https:\/\/portalescuola.comune.palermo.it\/index.php?rest_route=\/wp\/v2\/users\/30"}],"replies":[{"embeddable":true,"href":"https:\/\/portalescuola.comune.palermo.it\/index.php?rest_route=%2Fwp%2Fv2%2Fcomments&post=11019"}],"version-history":[{"count":2,"href":"https:\/\/portalescuola.comune.palermo.it\/index.php?rest_route=\/wp\/v2\/posts\/11019\/revisions"}],"predecessor-version":[{"id":11154,"href":"https:\/\/portalescuola.comune.palermo.it\/index.php?rest_route=\/wp\/v2\/posts\/11019\/revisions\/11154"}],"wp:featuredmedia":[{"embeddable":true,"href":"https:\/\/portalescuola.comune.palermo.it\/index.php?rest_route=\/wp\/v2\/media\/11020"}],"wp:attachment":[{"href":"https:\/\/portalescuola.comune.palermo.it\/index.php?rest_route=%2Fwp%2Fv2%2Fmedia&parent=11019"}],"wp:term":[{"taxonomy":"category","embeddable":true,"href":"https:\/\/portalescuola.comune.palermo.it\/index.php?rest_route=%2Fwp%2Fv2%2Fcategories&post=11019"},{"taxonomy":"post_tag","embeddable":true,"href":"https:\/\/portalescuola.comune.palermo.it\/index.php?rest_route=%2Fwp%2Fv2%2Ftags&post=11019"}],"curies":[{"name":"wp","href":"https:\/\/api.w.org\/{rel}","templated":true}]}}