{"id":10458,"date":"2021-06-29T13:43:25","date_gmt":"2021-06-29T11:43:25","guid":{"rendered":"https:\/\/portalescuola.comune.palermo.it\/?p=10458"},"modified":"2021-06-29T14:15:08","modified_gmt":"2021-06-29T12:15:08","slug":"estate-al-nido-per-250-bambine-e-bambini-fino-a-tre-anni-le-attivita-proseguono-anche-a-luglio","status":"publish","type":"post","link":"https:\/\/portalescuola.comune.palermo.it\/?p=10458","title":{"rendered":"Estate al nido: per 250 bambine e bambini fino a tre anni le attivit\u00e0 proseguono anche a luglio"},"content":{"rendered":"<p>&#8216;<strong>Estate al nido<\/strong>&#8216; per circa 250 <strong>bambine<\/strong> e <strong>bambini<\/strong> fino a tre anni che potranno continuare a frequentare i <strong>servizi educativi integrati<\/strong> del <strong>Comune di Palermo<\/strong> nel mese di <strong>luglio<\/strong>.<\/p>\n<p>Le strutture coinvolte sono: &#8220;La Malfa&#8221;, nella zona di Acqua dei corsari; &#8220;Braccio di Ferro&#8221;, all\u2019Albergheria, che accoglier\u00e0 anche i piccoli del nido &#8220;Libellula&#8221;; &#8220;Pellicano&#8221;, in area Bonagia, al quale potr\u00e0 fare riferimento l\u2019asilo &#8220;Allodola&#8221;; &#8220;Pantera Rosa&#8221;, ad Altarello che accorper\u00e0 il &#8220;Topolino&#8221;; &#8220;Tom &amp; Jerry&#8221;, in via Leonardo da Vinci, dove potranno recarsi anche i frequentanti del &#8220;Santangelo&#8221;; &#8220;Peter Pan&#8221;, nel quartiere San Giovanni Apostolo. Le attivit\u00e0 educative estive si svolgeranno dal 5 al 31 luglio, in orario flessibile con entrata dalle ore 7.30 alle 8 e uscita dalle 13.30 alle 14, prevalentemente negli spazi all\u2019aperto di sei asili comunali, per un totale di 140 posti.<\/p>\n<p>\u201cNonostante le difficolt\u00e0 imposte dall\u2019<strong>emergenza sanitaria<\/strong> dovuta al <strong>Covid-19<\/strong>, i servizi educativi 0\/6 anni comunali hanno risposto, in questo anno scolastico particolarmente difficoltoso, con grande impegno \u2013 dichiara l\u2019assessora alla <strong>Scuola<\/strong>, <strong>Giovanna Marano <\/strong>&#8211; Con l\u2019approssimarsi della chiusura estiva, l&#8217;Assessorato alla Scuola del Comune di Palermo ha deciso di sondare l\u2019interesse da parte delle famiglie per l\u2019apertura del servizio nel mese di luglio\u201d.<\/p>\n<p>I <strong>nidi aperti<\/strong>\u00a0garantiscono un\u2019equa distribuzione su tutto il territorio cittadino e sono stati individuati dall\u2019assessorato in base alle esigenze manifestate dai genitori\u00a0proprio\u00a0attraverso\u00a0il questionario. All\u2019indagine\u00a0hanno risposto, da remoto e in forma anonima, 244 famiglie delle 600 circa che hanno frequentato i servizi educativi del Comune di Palermo,\u00a0nel contesto pandemico. Il 79,9% ha risposto favorevolmente alla proposta, anche nel caso di attivazione in un nido diverso dal proprio\u00a0all\u2019interno della circoscrizione o in un\u2019area limitrofa.\u00a0I\u00a0genitori hanno dato preferenza ad una fascia oraria non prolungata.<\/p>\n<p>Le <strong>attivit\u00e0 estive<\/strong> manterranno la routine quotidiana garantita durante l\u2019anno e, grazie alla possibilit\u00e0 di utilizzare i giardini di pertinenza dei nidi, verr\u00e0 privilegiata l\u2019<strong>outdoor\u00a0education<\/strong>, anche per creare un ambiente pi\u00f9 adatto alle temperature estive.<\/p>\n<p>Agli spazi gestiti direttamente dal Comune si aggiungono, otto <strong>asili\u00a0accreditati<\/strong>, in base ad una co-progettazione dell\u2019assessorato\u00a0con gli enti gestori del sistema educativo integrato.<\/p>\n<p>In questo caso, le attivit\u00e0 proseguiranno, a partire dall\u20191 luglio e fino alla fine del mese, dal luned\u00ec al venerd\u00ec, dalle 7.30 alle 13.30 oppure alle 15.30, presso le strutture accreditate: &#8220;Dimensione Bimbo&#8221;, &#8220;Titti School&#8221;, &#8220;Galileo Galilei&#8221;, &#8220;Il piccolo principe&#8221;, &#8220;Econido&#8221;, &#8220;Fantabosco&#8221;,\u00a0&#8220;Kalos&#8221;, &#8220;San Vincenzo&#8221;.<\/p>\n<p>Anche in questo caso si utilizzeranno prevalentemente gli spazi esterni alle strutture. I posti a disposizione sono circa 110, destinati a bimbe e bimbi titolari di buoni servizio gi\u00e0 inseriti nei nidi d\u2019infanzia accreditati. Il 36% del totale sar\u00e0 riservato a piccoli provenienti da case-famiglia.<\/p>\n<p>\u201cPer la prima volta, dopo decenni\u00a0&#8211; ha sottolineato l&#8217;assessora Marano\u00a0 in conferenza stampa &#8211; l\u2019amministrazione cittadina raggiunge il traguardo dell\u2019apertura estiva dei nidi comunali, anche\u00a0grazie all\u2019opportunit\u00e0 di\u00a0rimodulazione dei fondi europei del\u00a0Pac Infanzia,\u00a0il\u00a0Piano di Azione\u00a0e\u00a0Coesione, con la quale sono state integrate somme gi\u00e0 a disposizione\u201d.<\/p>\n<p>\u201cUn risultato importante che permette a bambine e bambini di proseguire il percorso educativo in presenza assicurato per l\u2019intero anno scolastico, dal 7 settembre fino al 31 luglio, nonostante l\u2019emergenza sanitaria \u2013 spiega Marianna\u00a0<strong>Fiasconaro<\/strong>, Capo Area Educazione, Formazione e Politiche giovanili dell\u2019assessorato alla Scuola &#8211;\u00a0Per alleviare\u00a0ulteriormente\u00a0il peso sopportato dalle famiglie\u00a0a causa\u00a0della pandemia abbiamo\u00a0lavorato intensamente anche\u00a0per\u00a0il\u00a0prolungamento estivo\u00a0e\u00a0potr\u00e0 fornire un supporto educativo di qualit\u00e0 ed in continuit\u00e0 alle famiglie che ne \u00a0hanno necessit\u00e0 anche \u00a0durante il periodo estivo\u201d.<\/p>\n<p>\u201dAspettando il nuovo anno scolastico, l\u2019impegno dell\u2019Assessorato alla Scuola\u00a0ha lavorato\u00a0per\u00a0l\u2019ampliamento\u00a0dei servizi educativi\u00a0e\u00a0per fornire preziose opportunit\u00e0 di crescita e sviluppo armonico della personalit\u00e0 di bimbe\u00a0e bimbi anche in questa estate \u2013 conclude Marano &#8211;\u00a0Oltre a ci\u00f2,\u00a0se effettivamente le risorse messe a disposizione dal governo nazionale\u00a0risulteranno potenziate in modo significativo\u00a0e\u00a0svincolate dai numerosi impedimenti tecnico-finanziari ad oggi vigenti, l\u2019amministrazione comunale \u00e8 pronta a rafforzare e valorizzare l\u2019offerta educativa per la fascia 0-3,\u00a0\u00a0sia attraverso nuove strutture che utilizzando i\u00a0voucher, nella consapevolezza che i servizi per lo zero-sei sono strategici per garantire a bambine e bambini il diritto ad un&#8217;educazione di qualit\u00e0 e sono un\u2019infrastruttura sociale indispensabile per le famiglie, per ridurre le diseguaglianze, assicurare\u00a0una crescita armoniosa\u00a0e favorire concretamente l\u2019occupazione femminile\u201d.<\/p>\n<p>\u201cL\u2019apertura estiva dei nidi &#8211; sottolinea il sindaco, Leoluca Orlando &#8211; \u00e8 conferma della qualit\u00e0 del sistema scolastico e in particolare dello 0\/6 e dell\u2019impegno degli operatori e dei familiari dei bambini. E\u2019 anche questa una occasione ed un modo concreto di augurare una buona estate\u201d.<\/p>\n<p><iframe loading=\"lazy\" title=\"Estate al nido per 250 bambine e bambini del Comune di Palermo\" width=\"1060\" height=\"596\" src=\"https:\/\/www.youtube.com\/embed\/H02fPrCRoYY?feature=oembed\" frameborder=\"0\" allow=\"accelerometer; autoplay; clipboard-write; encrypted-media; gyroscope; picture-in-picture\" allowfullscreen><\/iframe><\/p>\n","protected":false},"excerpt":{"rendered":"<p>&#8216;Estate al nido&#8216; per circa 250 bambine e bambini fino a tre anni che potranno continuare a frequentare i servizi educativi integrati del Comune di Palermo nel mese di luglio. Le strutture coinvolte sono: &#8220;La Malfa&#8221;, nella zona di Acqua dei corsari; &#8220;Braccio di Ferro&#8221;,&#8230;<\/p>\n","protected":false},"author":30,"featured_media":6159,"comment_status":"closed","ping_status":"closed","sticky":false,"template":"","format":"standard","meta":[],"categories":[3],"tags":[49,124,66,303,304,67],"_links":{"self":[{"href":"https:\/\/portalescuola.comune.palermo.it\/index.php?rest_route=\/wp\/v2\/posts\/10458"}],"collection":[{"href":"https:\/\/portalescuola.comune.palermo.it\/index.php?rest_route=\/wp\/v2\/posts"}],"about":[{"href":"https:\/\/portalescuola.comune.palermo.it\/index.php?rest_route=\/wp\/v2\/types\/post"}],"author":[{"embeddable":true,"href":"https:\/\/portalescuola.comune.palermo.it\/index.php?rest_route=\/wp\/v2\/users\/30"}],"replies":[{"embeddable":true,"href":"https:\/\/portalescuola.comune.palermo.it\/index.php?rest_route=%2Fwp%2Fv2%2Fcomments&post=10458"}],"version-history":[{"count":3,"href":"https:\/\/portalescuola.comune.palermo.it\/index.php?rest_route=\/wp\/v2\/posts\/10458\/revisions"}],"predecessor-version":[{"id":10461,"href":"https:\/\/portalescuola.comune.palermo.it\/index.php?rest_route=\/wp\/v2\/posts\/10458\/revisions\/10461"}],"wp:featuredmedia":[{"embeddable":true,"href":"https:\/\/portalescuola.comune.palermo.it\/index.php?rest_route=\/wp\/v2\/media\/6159"}],"wp:attachment":[{"href":"https:\/\/portalescuola.comune.palermo.it\/index.php?rest_route=%2Fwp%2Fv2%2Fmedia&parent=10458"}],"wp:term":[{"taxonomy":"category","embeddable":true,"href":"https:\/\/portalescuola.comune.palermo.it\/index.php?rest_route=%2Fwp%2Fv2%2Fcategories&post=10458"},{"taxonomy":"post_tag","embeddable":true,"href":"https:\/\/portalescuola.comune.palermo.it\/index.php?rest_route=%2Fwp%2Fv2%2Ftags&post=10458"}],"curies":[{"name":"wp","href":"https:\/\/api.w.org\/{rel}","templated":true}]}}