{"id":10404,"date":"2021-06-11T10:21:19","date_gmt":"2021-06-11T08:21:19","guid":{"rendered":"https:\/\/portalescuola.comune.palermo.it\/?p=10404"},"modified":"2021-06-17T14:23:08","modified_gmt":"2021-06-17T12:23:08","slug":"palermo-conclude-il-percorso-partecipativo-sulle-linee-guida-0-6-perla-consultazione-nazionale-promossa-dal-miur","status":"publish","type":"post","link":"https:\/\/portalescuola.comune.palermo.it\/?p=10404","title":{"rendered":"Palermo conclude il &#8216;Percorso partecipativo sulle Linee Guida 0-6&#8217; perla Consultazione nazionale promossa dal Miur"},"content":{"rendered":"<p>La citt\u00e0 di Palermo conclude il Percorso partecipativo cittadino, attivato e promosso in queste settimane dall\u2019assessorato comunale alla Scuola, per rispondere alla Consultazione pubblica nazionale sulle \u2018Linee guida pedagogiche per lo zerosei\u2019, lanciata dal Ministro all\u2019Istruzione Patrizio Bianchi e dall\u2019ex sottosegretaria al Lavoro Francesca Puglisi, oggi capo della segreteria tecnica del Miur.<\/p>\n<p>Attraverso quattro differenti gruppi di lavoro, uno ogni due Circoscrizioni, rappresentanti di asili nido, scuole dell&#8217;infanzia, comunali, statali, paritarie e\/o accreditate hanno esaminato parti specifiche del provvedimento, dando vita ad un confronto animato, ricco e vivace, alla luce della propria esperienza quotidiana.<a href=\"https:\/\/portalescuola.comune.palermo.it\/wp-content\/uploads\/2021\/06\/locandina-def.jpg\"><img loading=\"lazy\" class=\"size-medium wp-image-10405 alignright\" src=\"https:\/\/portalescuola.comune.palermo.it\/wp-content\/uploads\/2021\/06\/locandina-def-212x300.jpg\" alt=\"\" width=\"212\" height=\"300\" srcset=\"https:\/\/portalescuola.comune.palermo.it\/wp-content\/uploads\/2021\/06\/locandina-def-212x300.jpg 212w, https:\/\/portalescuola.comune.palermo.it\/wp-content\/uploads\/2021\/06\/locandina-def-724x1024.jpg 724w, https:\/\/portalescuola.comune.palermo.it\/wp-content\/uploads\/2021\/06\/locandina-def-768x1086.jpg 768w, https:\/\/portalescuola.comune.palermo.it\/wp-content\/uploads\/2021\/06\/locandina-def-1086x1536.jpg 1086w, https:\/\/portalescuola.comune.palermo.it\/wp-content\/uploads\/2021\/06\/locandina-def-700x990.jpg 700w, https:\/\/portalescuola.comune.palermo.it\/wp-content\/uploads\/2021\/06\/locandina-def.jpg 1414w\" sizes=\"(max-width: 212px) 100vw, 212px\" \/><\/a><\/p>\n<p>Le osservazioni e le proposte emerse sono state illustrate dalle portavoce di ogni gruppo, nel corso dell\u2019iniziativa telematica conclusiva del Percorso di consultazione che si \u00e8 tenuta gioved\u00ec pomeriggio e alla quale hanno partecipato oltre 250 persone.<\/p>\n<p>Francesca Puglisi, in rappresentanza del Ministero dell&#8217;Istruzione, ha parlato delle Linee Guida come di &#8220;una scommessa educativa su cui investire i servizi destinati alla prima infanzia perch\u00e9 dove sono diffusi c&#8217;\u00e8 un tasso di dispersione inferiore e una denatalit\u00e0 pi\u00f9 contenuta&#8221;.<\/p>\n<p>\u201cLa scelta del governo nazionale della consultazione pubblica sulle Linee Guida 0-6 \u00e8 un percorso di confronto ampio ed inclusivo su un documento che permette di fare un grande passo in avanti \u00a0nel riconoscimento dell\u2019importanza dell\u2019educazione e della cura della fascia zero-sei &#8211; ha dichiarato l\u2019assessora alla Scuola, Giovanna Marano &#8211; Adesso, la governance multilivello prevista dalle Linee Guida nella quale i Comuni saranno coinvolti, potr\u00e0 essere orientata nel superamento delle diseguaglianze territoriali e nel contrasto alla disgregazione sociale fin dalla prima infanzia, con standard comuni da Bolzano a Palermo. Sarebbe opportuno che il governo nazionale preveda tempi contingentati ed eventuali sanzioni nella programmazione regionale, individuando anche organismi di confronto che possano supportare gli enti locali\u201d.<\/p>\n<p>Nel suo lungo intervento, Anna Bondioli, docente ordinaria di Pedagogia generale e sociale presso l&#8217;Universit\u00e0 di Pavia che ha dato un fondamentale contributo all\u2019elaborazione delle Linee Guida, ha annunciato che \u201cla Commissione ministeriale adesso valuter\u00e0 le oltre 1400 risposte alla Consultazione provenienti dal territorio\u201d e ha sottolineato che \u201cquesti momenti di confronto sono importanti per coinvolgere a pieno tutti coloro che possono essere responsabili dello sviluppo e della diffusione dei luoghi di crescita dell\u2019infanzia\u201d.<\/p>\n<p>Tra le proposte emerse nella consultazione di Palermo, consegnate alla professoressa Bondioli, c\u2019\u00e8 stata anche quella avanzata dal terzo gruppo, in rappresentanza della V e VI Circoscrizione, per voce di Rosaria Alleri, pedagogista dell\u2019istituto Valdese, che propone di prevedere nelle Linee Guida un\u2019esplicita indicazione per l\u2019attivazione di laboratori di educazione emotiva.<\/p>\n<p>In allegato i risultati del Questionario proposto nel corso del Percorso Partecipativo.<\/p>\n<p>Video integrale dell&#8217;incontro<\/p>\n<p><iframe loading=\"lazy\" title=\"Percorso partecipativo di analisi e proposte sulle linee pedagogiche per il sistema zerosei\" width=\"1060\" height=\"596\" src=\"https:\/\/www.youtube.com\/embed\/OBVchcGx4u4?feature=oembed\" frameborder=\"0\" allow=\"accelerometer; autoplay; clipboard-write; encrypted-media; gyroscope; picture-in-picture\" allowfullscreen><\/iframe><\/p>\n","protected":false},"excerpt":{"rendered":"<p>La citt\u00e0 di Palermo conclude il Percorso partecipativo cittadino, attivato e promosso in queste settimane dall\u2019assessorato comunale alla Scuola, per rispondere alla Consultazione pubblica nazionale sulle \u2018Linee guida pedagogiche per lo zerosei\u2019, lanciata dal Ministro all\u2019Istruzione Patrizio Bianchi e dall\u2019ex sottosegretaria al Lavoro Francesca Puglisi,&#8230;<\/p>\n","protected":false},"author":30,"featured_media":10408,"comment_status":"closed","ping_status":"closed","sticky":false,"template":"","format":"standard","meta":[],"categories":[3],"tags":[61,287,286,67,288],"_links":{"self":[{"href":"https:\/\/portalescuola.comune.palermo.it\/index.php?rest_route=\/wp\/v2\/posts\/10404"}],"collection":[{"href":"https:\/\/portalescuola.comune.palermo.it\/index.php?rest_route=\/wp\/v2\/posts"}],"about":[{"href":"https:\/\/portalescuola.comune.palermo.it\/index.php?rest_route=\/wp\/v2\/types\/post"}],"author":[{"embeddable":true,"href":"https:\/\/portalescuola.comune.palermo.it\/index.php?rest_route=\/wp\/v2\/users\/30"}],"replies":[{"embeddable":true,"href":"https:\/\/portalescuola.comune.palermo.it\/index.php?rest_route=%2Fwp%2Fv2%2Fcomments&post=10404"}],"version-history":[{"count":4,"href":"https:\/\/portalescuola.comune.palermo.it\/index.php?rest_route=\/wp\/v2\/posts\/10404\/revisions"}],"predecessor-version":[{"id":10434,"href":"https:\/\/portalescuola.comune.palermo.it\/index.php?rest_route=\/wp\/v2\/posts\/10404\/revisions\/10434"}],"wp:featuredmedia":[{"embeddable":true,"href":"https:\/\/portalescuola.comune.palermo.it\/index.php?rest_route=\/wp\/v2\/media\/10408"}],"wp:attachment":[{"href":"https:\/\/portalescuola.comune.palermo.it\/index.php?rest_route=%2Fwp%2Fv2%2Fmedia&parent=10404"}],"wp:term":[{"taxonomy":"category","embeddable":true,"href":"https:\/\/portalescuola.comune.palermo.it\/index.php?rest_route=%2Fwp%2Fv2%2Fcategories&post=10404"},{"taxonomy":"post_tag","embeddable":true,"href":"https:\/\/portalescuola.comune.palermo.it\/index.php?rest_route=%2Fwp%2Fv2%2Ftags&post=10404"}],"curies":[{"name":"wp","href":"https:\/\/api.w.org\/{rel}","templated":true}]}}