{"id":10340,"date":"2021-05-18T18:59:46","date_gmt":"2021-05-18T16:59:46","guid":{"rendered":"https:\/\/portalescuola.comune.palermo.it\/?p=10340"},"modified":"2021-05-18T18:59:46","modified_gmt":"2021-05-18T16:59:46","slug":"asili-nido-32-posti-aggiuntivi-dedicati-ai-lattanti-iscrizioni-aperte-dal-19-al-28-maggio","status":"publish","type":"post","link":"https:\/\/portalescuola.comune.palermo.it\/?p=10340","title":{"rendered":"Asili nido: 32 posti aggiuntivi dedicati ai lattanti. Iscrizioni aperte dal 19 al 28 maggio"},"content":{"rendered":"<p>L\u2019assessorato alla <strong>Scuola<\/strong> del <strong>Comune di Palermo<\/strong> attiva altri 32 posti aggiuntivi dedicati ai <strong>lattanti,<\/strong> 8 per ciascuno degli <strong>asili nido<\/strong> Braccio di Ferro, Libellula, Maria Pia di Savoia e Tom &amp; Jerry, e\u00a0riapre i termini per le domande di <strong>iscrizione<\/strong>, che si possono presentare da domani e fino al 28 maggio.<\/p>\n<p>\u201cL\u2019ulteriore ampliamento del numero di posti offerti nei nostri asili nido per il prossimo anno scolastico &#8211; afferma l\u2019assessora alla Scuola, Giovanna Marano &#8211; \u00e8 frutto dell\u2019attenzione e della volont\u00e0 costante di questa amministrazione per il miglioramento della quantit\u00e0, oltre che della qualit\u00e0, dei servizi educativi proposti.<\/p>\n<p>Un\u2019opportunit\u00e0 aggiuntiva che potr\u00e0 essere di supporto ai genitori di bimbe e bimbi nella fascia da zero a 12 mesi e dei piccoli che nasceranno entro il 31 luglio nel cammino verso la ripartenza ed il\u00a0superamento dell\u2019emergenza sanitaria\u201d.<\/p>\n<p>I genitori interessati potranno presentare le istanze, esclusivamente on line,\u00a0 attraverso il sito Portale Scuola\u00a0<a href=\"https:\/\/portalescuola.comune.palermo.it.\/\" target=\"_blank\" rel=\"noopener\">https:\/\/portalescuola.comune.palermo.it.<\/a><\/p>\n<p>Per compilare la domanda baster\u00e0 accedere alla sezione \u2018Servizi on line\u2019, dal men\u00f9 principale, e scegliere l\u2019opzione \u2018Istruzione Infanzia\u2019, previa registrazione.<\/p>\n<p>Dopo avere concluso e salvato la pratica, si ricever\u00e0 una ricevuta con il numero di protocollo assegnato.<\/p>\n<p>Sar\u00e0 necessario allegare il modello ISEE, con scadenza 31 dicembre 2021, contenente entrambi i genitori (anche se non conviventi) e copia del documento di identit\u00e0. In alternativa, potr\u00e0\u00a0essere allegata la Dichiarazione Sostitutiva Unica (D.S.U.), con scadenza 31 dicembre 2021, ma bisogner\u00e0 integrare il modello ISEE entro il 7 giugno, pena il collocamento in coda alla graduatoria\u00a0generale.<\/p>\n<p>Anche le famiglie gi\u00e0 inserite nella graduatoria provvisoria presso altri asili, potranno presentare istanza per i posti aggiuntivi nei quattro nidi indicati.<\/p>\n<p>Scegliendo la nuova struttura, per\u00f2, si verr\u00e0 esclusi dalla graduatoria provvisoria ancora in corso di\u00a0pubblicazione, come previsto dal regolamento.<\/p>\n<p>Per ulteriori informazioni \u00e8 possibile consultare guida per la compilazione sul sito, seguendo il seguente percorso dal men\u00f9 principale: Servizi educativi 0\/6, Asili nido, Guida all\u2019iscrizione.<\/p>\n<p>I genitori privi di strumentazione informatica o che abbiano bisogno di assistenza possono rivolgersi, muniti della documentazione necessaria, ai seguenti tre sportelli informativi:<\/p>\n<p>&#8211;\u00a0 \u00a0<strong>Assessorato alla Scuola Area della Scuola<\/strong>, via Notarbartolo n.21\/A. E\u2019 possibile chiamare i numeri 091.7404341\/74, dalle 8.30 alle 13, dal luned\u00ec al venerd\u00ec. Il ricevimento \u00e8 previsto il mercoled\u00ec, dalle 15 alle 17,30;<\/p>\n<p>&#8211;\u00a0\u00a0<strong>Scuola dell\u2019infanzia comunale Oberdan<\/strong>, via Paratore n.13. Per concordare data ed ora si pu\u00f2 chiamare al numero 091.6470882, dalle 8.30 alle 13, dal luned\u00ec al venerd\u00ec. Il ricevimento \u00e8 previsto dal luned\u00ec al venerd\u00ec, dalle 9 alle 12,30 e il mercoled\u00ec dalle 15 alle 17,30.<\/p>\n<p>&#8211;\u00a0\u00a0<strong>Scuola dell\u2019infanzia comunale Germania<\/strong>, via Germania n.8. Per concordare data ed ora si pu\u00f2 chiamare al numero 091.7404374, dalle 8.30 alle 13, dal luned\u00ec al venerd\u00ec. Il ricevimento \u00e8 previsto dal luned\u00ec al venerd\u00ec, dalle 9 alle 12,30 e il mercoled\u00ec, dalle 15 alle 17,30.<\/p>\n<p>&nbsp;<\/p>\n<div class=\"clear\"><\/div>\n<div class=\"clear\"><\/div>\n<div class=\"imageRow\">\n<div class=\"set\"><\/div>\n<\/div>\n<div class=\"clear\"><\/div>\n<div class=\"clear\"><\/div>\n<div class=\"clear\"><\/div>\n<div class=\"set\"><\/div>\n<div class=\"clear\"><\/div>\n","protected":false},"excerpt":{"rendered":"<p>L\u2019assessorato alla Scuola del Comune di Palermo attiva altri 32 posti aggiuntivi dedicati ai lattanti, 8 per ciascuno degli asili nido Braccio di Ferro, Libellula, Maria Pia di Savoia e Tom &amp; Jerry, e\u00a0riapre i termini per le domande di iscrizione, che si possono presentare&#8230;<\/p>\n","protected":false},"author":30,"featured_media":10341,"comment_status":"closed","ping_status":"closed","sticky":false,"template":"","format":"standard","meta":[],"categories":[3],"tags":[49,263,66,260,262,67],"_links":{"self":[{"href":"https:\/\/portalescuola.comune.palermo.it\/index.php?rest_route=\/wp\/v2\/posts\/10340"}],"collection":[{"href":"https:\/\/portalescuola.comune.palermo.it\/index.php?rest_route=\/wp\/v2\/posts"}],"about":[{"href":"https:\/\/portalescuola.comune.palermo.it\/index.php?rest_route=\/wp\/v2\/types\/post"}],"author":[{"embeddable":true,"href":"https:\/\/portalescuola.comune.palermo.it\/index.php?rest_route=\/wp\/v2\/users\/30"}],"replies":[{"embeddable":true,"href":"https:\/\/portalescuola.comune.palermo.it\/index.php?rest_route=%2Fwp%2Fv2%2Fcomments&post=10340"}],"version-history":[{"count":1,"href":"https:\/\/portalescuola.comune.palermo.it\/index.php?rest_route=\/wp\/v2\/posts\/10340\/revisions"}],"predecessor-version":[{"id":10342,"href":"https:\/\/portalescuola.comune.palermo.it\/index.php?rest_route=\/wp\/v2\/posts\/10340\/revisions\/10342"}],"wp:featuredmedia":[{"embeddable":true,"href":"https:\/\/portalescuola.comune.palermo.it\/index.php?rest_route=\/wp\/v2\/media\/10341"}],"wp:attachment":[{"href":"https:\/\/portalescuola.comune.palermo.it\/index.php?rest_route=%2Fwp%2Fv2%2Fmedia&parent=10340"}],"wp:term":[{"taxonomy":"category","embeddable":true,"href":"https:\/\/portalescuola.comune.palermo.it\/index.php?rest_route=%2Fwp%2Fv2%2Fcategories&post=10340"},{"taxonomy":"post_tag","embeddable":true,"href":"https:\/\/portalescuola.comune.palermo.it\/index.php?rest_route=%2Fwp%2Fv2%2Ftags&post=10340"}],"curies":[{"name":"wp","href":"https:\/\/api.w.org\/{rel}","templated":true}]}}